{"id":5676,"date":"2020-08-27T12:16:00","date_gmt":"2020-08-27T12:16:00","guid":{"rendered":"https:\/\/primitivabarba.com\/?p=5676"},"modified":"2022-12-14T12:20:21","modified_gmt":"2022-12-14T12:20:21","slug":"retomamos-las-visitas-familiares","status":"publish","type":"post","link":"https:\/\/primitivabarba.com\/esp\/reprenem-les-visites-familiars\/","title":{"rendered":"Retomamos las visitas familiares!!"},"content":{"rendered":"\n[et_pb_section fb_built=\u00bb1&#8243; _builder_version=\u00bb4.17.1&#8243; _module_preset=\u00bbdefault\u00bb global_colors_info=\u00bb{}\u00bb theme_builder_area=\u00bbpost_content\u00bb][et_pb_row _builder_version=\u00bb4.17.1&#8243; _module_preset=\u00bbdefault\u00bb global_colors_info=\u00bb{}\u00bb theme_builder_area=\u00bbpost_content\u00bb][et_pb_column type=\u00bb4_4&#8243; _builder_version=\u00bb4.17.1&#8243; _module_preset=\u00bbdefault\u00bb global_colors_info=\u00bb{}\u00bb theme_builder_area=\u00bbpost_content\u00bb][et_pb_image src=\u00bbhttps:\/\/primitivabarba.com\/wp-content\/uploads\/2022\/12\/imatge-covid.jpg\u00bb title_text=\u00bbimatge-covid\u00bb align=\u00bbcenter\u00bb _builder_version=\u00bb4.17.1&#8243; _module_preset=\u00bbdefault\u00bb hover_enabled=\u00bb0&#8243; global_colors_info=\u00bb{}\u00bb theme_builder_area=\u00bbpost_content\u00bb sticky_enabled=\u00bb0&#8243;][\/et_pb_image][\/et_pb_column][\/et_pb_row][et_pb_row _builder_version=\u00bb4.17.1&#8243; _module_preset=\u00bbdefault\u00bb global_colors_info=\u00bb{}\u00bb theme_builder_area=\u00bbpost_content\u00bb][et_pb_column type=\u00bb4_4&#8243; _builder_version=\u00bb4.17.1&#8243; _module_preset=\u00bbdefault\u00bb global_colors_info=\u00bb{}\u00bb theme_builder_area=\u00bbpost_content\u00bb][et_pb_text _builder_version=\u00bb4.17.1&#8243; _module_preset=\u00bbdefault\u00bb text_font=\u00bbRubik|300|||||||\u00bb header_font=\u00bbRubik||||||||\u00bb header_font_size=\u00bb40px\u00bb hover_enabled=\u00bb0&#8243; global_colors_info=\u00bb{}\u00bb theme_builder_area=\u00bbpost_content\u00bb sticky_enabled=\u00bb0&#8243;]<h1>Reprenem les visites familiars!!<\/h1>\n<p>&nbsp;<\/p>\n<p>Benvingudes fam\u00edlies,<\/p>\n<p>Despr\u00e9s de rebre tots els protocols del departament de salut de la Generalitat de Catalunya i reunits amb l\u2019equip t\u00e8cnic, s\u2019ha decidit reprendre les visites familiars amb cita pr\u00e8via seguint les seg\u00fcents indicacions:<\/p>\n<p><strong><u>MESURES DE PROTECCI\u00d3 ABANS DE LA VISITA<\/u><\/strong><\/p>\n<ul>\n<li>Per poder accedir al centre heu de venir amb guants i mascareta, ja que \u00e9s d\u2019\u00fas obligatori. Si no porteu aquest material, no podreu accedir al centre.<\/li>\n<li>Seguidament, haureu d\u2019omplir un document d\u2019autodeclaraci\u00f3 responsable, que ho proporcionar\u00e0 el centre a l\u2019entrada.<\/li>\n<li>Un cop signat el document es realitzaran els seg\u00fcents passos:<\/li>\n<\/ul>\n<p>1) Rentat higi\u00e8nic de mans amb productes de base alcoh\u00f2lica.<\/p>\n<p>2) Desinfecci\u00f3 del cal\u00e7at.<\/p>\n<p><strong><u>MESURES DE PROTECCI\u00d3 DURANT LA VISITA<\/u><\/strong><\/p>\n<ul>\n<li>Mantenir la dist\u00e0ncia m\u00ednima de 2 m amb els residents i amb les altres fam\u00edlies.<\/li>\n<li>No es pot transitar per les zones del centre NO autoritzades.<\/li>\n<li>Cal seguir atentament les indicacions dels t\u00e8cnics que us atendran.<\/li>\n<li>Prohibit portar productes d\u2019alimentaci\u00f3 als residents.<\/li>\n<\/ul>[\/et_pb_text][\/et_pb_column][\/et_pb_row][\/et_pb_section]\n","protected":false},"excerpt":{"rendered":"<p>Tras recibir todos los protocolos del departamento de salud de la Generalidad de Catalu\u00f1a y reunidos con el equipo t\u00e9cnico, se ha decidido reanudar las visitas familiares con cita previa.<\/p>","protected":false},"author":1,"featured_media":5677,"comment_status":"closed","ping_status":"closed","sticky":false,"template":"","format":"standard","meta":{"_et_pb_use_builder":"on","_et_pb_old_content":"","_et_gb_content_width":"1080","footnotes":""},"categories":[1],"tags":[],"class_list":["post-5676","post","type-post","status-publish","format-standard","has-post-thumbnail","hentry","category-uncategorized"],"yoast_head":"<!-- This site is optimized with the Yoast SEO plugin v28.3 - https:\/\/yoast.com\/product\/yoast-seo-wordpress\/ -->\n<title>Reprenem les visites familiars!! - Primitiva Barba<\/title>\n<meta name=\"robots\" content=\"index, follow, max-snippet:-1, max-image-preview:large, max-video-preview:-1\" \/>\n<link rel=\"canonical\" href=\"https:\/\/primitivabarba.com\/esp\/retomamos-las-visitas-familiares\/\" \/>\n<meta property=\"og:locale\" content=\"es_ES\" \/>\n<meta property=\"og:type\" content=\"article\" \/>\n<meta property=\"og:title\" content=\"Reprenem les visites familiars!! - Primitiva Barba\" \/>\n<meta property=\"og:description\" content=\"Despr\u00e9s de rebre tots els protocols del departament de salut de la Generalitat de Catalunya i reunits amb l\u2019equip t\u00e8cnic, s\u2019ha decidit reprendre les visites familiars amb cita pr\u00e8via.\" \/>\n<meta property=\"og:url\" content=\"https:\/\/primitivabarba.com\/esp\/retomamos-las-visitas-familiares\/\" \/>\n<meta property=\"og:site_name\" content=\"Primitiva Barba\" \/>\n<meta property=\"article:publisher\" content=\"https:\/\/www.facebook.com\/profile.php?id=100089739648754\" \/>\n<meta property=\"article:published_time\" content=\"2020-08-27T12:16:00+00:00\" \/>\n<meta property=\"article:modified_time\" content=\"2022-12-14T12:20:21+00:00\" \/>\n<meta property=\"og:image\" content=\"https:\/\/primitivabarba.com\/wp-content\/uploads\/2022\/12\/imatge-covid.jpg\" \/>\n\t<meta property=\"og:image:width\" content=\"629\" \/>\n\t<meta property=\"og:image:height\" content=\"210\" \/>\n\t<meta property=\"og:image:type\" content=\"image\/jpeg\" \/>\n<meta name=\"author\" content=\"assisoft\" \/>\n<meta name=\"twitter:card\" content=\"summary_large_image\" \/>\n<meta name=\"twitter:label1\" content=\"Escrito por\" \/>\n\t<meta name=\"twitter:data1\" content=\"assisoft\" \/>\n\t<meta name=\"twitter:label2\" content=\"Tiempo de lectura\" \/>\n\t<meta name=\"twitter:data2\" content=\"2 minutos\" \/>\n<script type=\"application\/ld+json\" class=\"yoast-schema-graph\">{\"@context\":\"https:\\\/\\\/schema.org\",\"@graph\":[{\"@type\":\"Article\",\"@id\":\"https:\\\/\\\/primitivabarba.com\\\/reprenem-les-visites-familiars\\\/#article\",\"isPartOf\":{\"@id\":\"https:\\\/\\\/primitivabarba.com\\\/reprenem-les-visites-familiars\\\/\"},\"author\":{\"name\":\"assisoft\",\"@id\":\"https:\\\/\\\/primitivabarba.com\\\/#\\\/schema\\\/person\\\/22c84df87e501c58e1086052ac9913b6\"},\"headline\":\"Reprenem les visites familiars!!\",\"datePublished\":\"2020-08-27T12:16:00+00:00\",\"dateModified\":\"2022-12-14T12:20:21+00:00\",\"mainEntityOfPage\":{\"@id\":\"https:\\\/\\\/primitivabarba.com\\\/reprenem-les-visites-familiars\\\/\"},\"wordCount\":349,\"publisher\":{\"@id\":\"https:\\\/\\\/primitivabarba.com\\\/#organization\"},\"image\":{\"@id\":\"https:\\\/\\\/primitivabarba.com\\\/reprenem-les-visites-familiars\\\/#primaryimage\"},\"thumbnailUrl\":\"https:\\\/\\\/primitivabarba.com\\\/wp-content\\\/uploads\\\/2022\\\/12\\\/imatge-covid.jpg\",\"articleSection\":[\"Uncategorized\"],\"inLanguage\":\"es\"},{\"@type\":\"WebPage\",\"@id\":\"https:\\\/\\\/primitivabarba.com\\\/reprenem-les-visites-familiars\\\/\",\"url\":\"https:\\\/\\\/primitivabarba.com\\\/reprenem-les-visites-familiars\\\/\",\"name\":\"Reprenem les visites familiars!! - Primitiva Barba\",\"isPartOf\":{\"@id\":\"https:\\\/\\\/primitivabarba.com\\\/#website\"},\"primaryImageOfPage\":{\"@id\":\"https:\\\/\\\/primitivabarba.com\\\/reprenem-les-visites-familiars\\\/#primaryimage\"},\"image\":{\"@id\":\"https:\\\/\\\/primitivabarba.com\\\/reprenem-les-visites-familiars\\\/#primaryimage\"},\"thumbnailUrl\":\"https:\\\/\\\/primitivabarba.com\\\/wp-content\\\/uploads\\\/2022\\\/12\\\/imatge-covid.jpg\",\"datePublished\":\"2020-08-27T12:16:00+00:00\",\"dateModified\":\"2022-12-14T12:20:21+00:00\",\"breadcrumb\":{\"@id\":\"https:\\\/\\\/primitivabarba.com\\\/reprenem-les-visites-familiars\\\/#breadcrumb\"},\"inLanguage\":\"es\",\"potentialAction\":[{\"@type\":\"ReadAction\",\"target\":[\"https:\\\/\\\/primitivabarba.com\\\/reprenem-les-visites-familiars\\\/\"]}]},{\"@type\":\"ImageObject\",\"inLanguage\":\"es\",\"@id\":\"https:\\\/\\\/primitivabarba.com\\\/reprenem-les-visites-familiars\\\/#primaryimage\",\"url\":\"https:\\\/\\\/primitivabarba.com\\\/wp-content\\\/uploads\\\/2022\\\/12\\\/imatge-covid.jpg\",\"contentUrl\":\"https:\\\/\\\/primitivabarba.com\\\/wp-content\\\/uploads\\\/2022\\\/12\\\/imatge-covid.jpg\",\"width\":629,\"height\":210},{\"@type\":\"BreadcrumbList\",\"@id\":\"https:\\\/\\\/primitivabarba.com\\\/reprenem-les-visites-familiars\\\/#breadcrumb\",\"itemListElement\":[{\"@type\":\"ListItem\",\"position\":1,\"name\":\"Inici\",\"item\":\"https:\\\/\\\/primitivabarba.com\\\/\"},{\"@type\":\"ListItem\",\"position\":2,\"name\":\"Reprenem les visites familiars!!\"}]},{\"@type\":\"WebSite\",\"@id\":\"https:\\\/\\\/primitivabarba.com\\\/#website\",\"url\":\"https:\\\/\\\/primitivabarba.com\\\/\",\"name\":\"Primitiva Barba\",\"description\":\"Centre Residencial per a gent gran\",\"publisher\":{\"@id\":\"https:\\\/\\\/primitivabarba.com\\\/#organization\"},\"inLanguage\":\"es\"},{\"@type\":\"Organization\",\"@id\":\"https:\\\/\\\/primitivabarba.com\\\/#organization\",\"name\":\"Primitiva Barba\",\"url\":\"https:\\\/\\\/primitivabarba.com\\\/\",\"logo\":{\"@type\":\"ImageObject\",\"inLanguage\":\"es\",\"@id\":\"https:\\\/\\\/primitivabarba.com\\\/#\\\/schema\\\/logo\\\/image\\\/\",\"url\":\"https:\\\/\\\/primitivabarba.com\\\/wp-content\\\/uploads\\\/2024\\\/05\\\/image5.png\",\"contentUrl\":\"https:\\\/\\\/primitivabarba.com\\\/wp-content\\\/uploads\\\/2024\\\/05\\\/image5.png\",\"width\":1168,\"height\":1168,\"caption\":\"Primitiva Barba\"},\"image\":{\"@id\":\"https:\\\/\\\/primitivabarba.com\\\/#\\\/schema\\\/logo\\\/image\\\/\"},\"sameAs\":[\"https:\\\/\\\/www.facebook.com\\\/profile.php?id=100089739648754\",\"https:\\\/\\\/www.instagram.com\\\/primitivabarba\\\/\"]},{\"@type\":\"Person\",\"@id\":\"https:\\\/\\\/primitivabarba.com\\\/#\\\/schema\\\/person\\\/22c84df87e501c58e1086052ac9913b6\",\"name\":\"assisoft\",\"image\":{\"@type\":\"ImageObject\",\"inLanguage\":\"es\",\"@id\":\"https:\\\/\\\/primitivabarba.com\\\/wp-content\\\/litespeed\\\/avatar\\\/0ee51eaac491861c051954dde15c2d6e.jpg?ver=1787930553\",\"url\":\"https:\\\/\\\/primitivabarba.com\\\/wp-content\\\/litespeed\\\/avatar\\\/0ee51eaac491861c051954dde15c2d6e.jpg?ver=1787930553\",\"contentUrl\":\"https:\\\/\\\/primitivabarba.com\\\/wp-content\\\/litespeed\\\/avatar\\\/0ee51eaac491861c051954dde15c2d6e.jpg?ver=1787930553\",\"caption\":\"assisoft\"},\"sameAs\":[\"https:\\\/\\\/primitivabarba.com\"]}]}<\/script>\n<!-- \/ Yoast SEO plugin. -->","yoast_head_json":{"title":"Retomamos las visitas familiares!! - Primitiva Barba","robots":{"index":"index","follow":"follow","max-snippet":"max-snippet:-1","max-image-preview":"max-image-preview:large","max-video-preview":"max-video-preview:-1"},"canonical":"https:\/\/primitivabarba.com\/esp\/retomamos-las-visitas-familiares\/","og_locale":"es_ES","og_type":"article","og_title":"Reprenem les visites familiars!! - Primitiva Barba","og_description":"Despr\u00e9s de rebre tots els protocols del departament de salut de la Generalitat de Catalunya i reunits amb l\u2019equip t\u00e8cnic, s\u2019ha decidit reprendre les visites familiars amb cita pr\u00e8via.","og_url":"https:\/\/primitivabarba.com\/esp\/retomamos-las-visitas-familiares\/","og_site_name":"Primitiva Barba","article_publisher":"https:\/\/www.facebook.com\/profile.php?id=100089739648754","article_published_time":"2020-08-27T12:16:00+00:00","article_modified_time":"2022-12-14T12:20:21+00:00","og_image":[{"width":629,"height":210,"url":"https:\/\/primitivabarba.com\/wp-content\/uploads\/2022\/12\/imatge-covid.jpg","type":"image\/jpeg"}],"author":"assisoft","twitter_card":"summary_large_image","twitter_misc":{"Escrito por":"assisoft","Tiempo de lectura":"2 minutos"},"schema":{"@context":"https:\/\/schema.org","@graph":[{"@type":"Article","@id":"https:\/\/primitivabarba.com\/reprenem-les-visites-familiars\/#article","isPartOf":{"@id":"https:\/\/primitivabarba.com\/reprenem-les-visites-familiars\/"},"author":{"name":"assisoft","@id":"https:\/\/primitivabarba.com\/#\/schema\/person\/22c84df87e501c58e1086052ac9913b6"},"headline":"Reprenem les visites familiars!!","datePublished":"2020-08-27T12:16:00+00:00","dateModified":"2022-12-14T12:20:21+00:00","mainEntityOfPage":{"@id":"https:\/\/primitivabarba.com\/reprenem-les-visites-familiars\/"},"wordCount":349,"publisher":{"@id":"https:\/\/primitivabarba.com\/#organization"},"image":{"@id":"https:\/\/primitivabarba.com\/reprenem-les-visites-familiars\/#primaryimage"},"thumbnailUrl":"https:\/\/primitivabarba.com\/wp-content\/uploads\/2022\/12\/imatge-covid.jpg","articleSection":["Uncategorized"],"inLanguage":"es"},{"@type":"WebPage","@id":"https:\/\/primitivabarba.com\/reprenem-les-visites-familiars\/","url":"https:\/\/primitivabarba.com\/reprenem-les-visites-familiars\/","name":"Retomamos las visitas familiares!! - Primitiva Barba","isPartOf":{"@id":"https:\/\/primitivabarba.com\/#website"},"primaryImageOfPage":{"@id":"https:\/\/primitivabarba.com\/reprenem-les-visites-familiars\/#primaryimage"},"image":{"@id":"https:\/\/primitivabarba.com\/reprenem-les-visites-familiars\/#primaryimage"},"thumbnailUrl":"https:\/\/primitivabarba.com\/wp-content\/uploads\/2022\/12\/imatge-covid.jpg","datePublished":"2020-08-27T12:16:00+00:00","dateModified":"2022-12-14T12:20:21+00:00","breadcrumb":{"@id":"https:\/\/primitivabarba.com\/reprenem-les-visites-familiars\/#breadcrumb"},"inLanguage":"es","potentialAction":[{"@type":"ReadAction","target":["https:\/\/primitivabarba.com\/reprenem-les-visites-familiars\/"]}]},{"@type":"ImageObject","inLanguage":"es","@id":"https:\/\/primitivabarba.com\/reprenem-les-visites-familiars\/#primaryimage","url":"https:\/\/primitivabarba.com\/wp-content\/uploads\/2022\/12\/imatge-covid.jpg","contentUrl":"https:\/\/primitivabarba.com\/wp-content\/uploads\/2022\/12\/imatge-covid.jpg","width":629,"height":210},{"@type":"BreadcrumbList","@id":"https:\/\/primitivabarba.com\/reprenem-les-visites-familiars\/#breadcrumb","itemListElement":[{"@type":"ListItem","position":1,"name":"Inici","item":"https:\/\/primitivabarba.com\/"},{"@type":"ListItem","position":2,"name":"Reprenem les visites familiars!!"}]},{"@type":"WebSite","@id":"https:\/\/primitivabarba.com\/#website","url":"https:\/\/primitivabarba.com\/","name":"Primitiva Barba","description":"Centro Residencial para personas mayores","publisher":{"@id":"https:\/\/primitivabarba.com\/#organization"},"inLanguage":"es"},{"@type":"Organization","@id":"https:\/\/primitivabarba.com\/#organization","name":"Primitiva Barba","url":"https:\/\/primitivabarba.com\/","logo":{"@type":"ImageObject","inLanguage":"es","@id":"https:\/\/primitivabarba.com\/#\/schema\/logo\/image\/","url":"https:\/\/primitivabarba.com\/wp-content\/uploads\/2024\/05\/image5.png","contentUrl":"https:\/\/primitivabarba.com\/wp-content\/uploads\/2024\/05\/image5.png","width":1168,"height":1168,"caption":"Primitiva Barba"},"image":{"@id":"https:\/\/primitivabarba.com\/#\/schema\/logo\/image\/"},"sameAs":["https:\/\/www.facebook.com\/profile.php?id=100089739648754","https:\/\/www.instagram.com\/primitivabarba\/"]},{"@type":"Person","@id":"https:\/\/primitivabarba.com\/#\/schema\/person\/22c84df87e501c58e1086052ac9913b6","name":"assisoft","image":{"@type":"ImageObject","inLanguage":"es","@id":"https:\/\/primitivabarba.com\/wp-content\/litespeed\/avatar\/0ee51eaac491861c051954dde15c2d6e.jpg?ver=1787930553","url":"https:\/\/primitivabarba.com\/wp-content\/litespeed\/avatar\/0ee51eaac491861c051954dde15c2d6e.jpg?ver=1787930553","contentUrl":"https:\/\/primitivabarba.com\/wp-content\/litespeed\/avatar\/0ee51eaac491861c051954dde15c2d6e.jpg?ver=1787930553","caption":"assisoft"},"sameAs":["https:\/\/primitivabarba.com"]}]}},"_links":{"self":[{"href":"https:\/\/primitivabarba.com\/esp\/wp-json\/wp\/v2\/posts\/5676","targetHints":{"allow":["GET"]}}],"collection":[{"href":"https:\/\/primitivabarba.com\/esp\/wp-json\/wp\/v2\/posts"}],"about":[{"href":"https:\/\/primitivabarba.com\/esp\/wp-json\/wp\/v2\/types\/post"}],"author":[{"embeddable":true,"href":"https:\/\/primitivabarba.com\/esp\/wp-json\/wp\/v2\/users\/1"}],"replies":[{"embeddable":true,"href":"https:\/\/primitivabarba.com\/esp\/wp-json\/wp\/v2\/comments?post=5676"}],"version-history":[{"count":3,"href":"https:\/\/primitivabarba.com\/esp\/wp-json\/wp\/v2\/posts\/5676\/revisions"}],"predecessor-version":[{"id":5681,"href":"https:\/\/primitivabarba.com\/esp\/wp-json\/wp\/v2\/posts\/5676\/revisions\/5681"}],"wp:featuredmedia":[{"embeddable":true,"href":"https:\/\/primitivabarba.com\/esp\/wp-json\/wp\/v2\/media\/5677"}],"wp:attachment":[{"href":"https:\/\/primitivabarba.com\/esp\/wp-json\/wp\/v2\/media?parent=5676"}],"wp:term":[{"taxonomy":"category","embeddable":true,"href":"https:\/\/primitivabarba.com\/esp\/wp-json\/wp\/v2\/categories?post=5676"},{"taxonomy":"post_tag","embeddable":true,"href":"https:\/\/primitivabarba.com\/esp\/wp-json\/wp\/v2\/tags?post=5676"}],"curies":[{"name":"wp","href":"https:\/\/api.w.org\/{rel}","templated":true}]}}