{"id":5670,"date":"2020-10-14T12:11:00","date_gmt":"2020-10-14T12:11:00","guid":{"rendered":"https:\/\/primitivabarba.com\/?p=5670"},"modified":"2022-12-14T12:14:29","modified_gmt":"2022-12-14T12:14:29","slug":"cambiamos-de-espacio-para-las-visitas-familiares","status":"publish","type":"post","link":"https:\/\/primitivabarba.com\/esp\/canviem-despai-per-a-les-visites-familiars\/","title":{"rendered":"Cambiamos de espacio para las visitas familiares"},"content":{"rendered":"\n[et_pb_section fb_built=\u00bb1&#8243; _builder_version=\u00bb4.17.1&#8243; _module_preset=\u00bbdefault\u00bb global_colors_info=\u00bb{}\u00bb theme_builder_area=\u00bbpost_content\u00bb][et_pb_row _builder_version=\u00bb4.17.1&#8243; _module_preset=\u00bbdefault\u00bb global_colors_info=\u00bb{}\u00bb theme_builder_area=\u00bbpost_content\u00bb][et_pb_column type=\u00bb4_4&#8243; _builder_version=\u00bb4.17.1&#8243; _module_preset=\u00bbdefault\u00bb global_colors_info=\u00bb{}\u00bb theme_builder_area=\u00bbpost_content\u00bb][et_pb_image src=\u00bbhttps:\/\/primitivabarba.com\/wp-content\/uploads\/2022\/12\/IMG_9262-800&#215;600-1.jpg\u00bb title_text=\u00bbIMG_9262-800&#215;600&#8243; align=\u00bbcenter\u00bb _builder_version=\u00bb4.17.1&#8243; _module_preset=\u00bbdefault\u00bb hover_enabled=\u00bb0&#8243; global_colors_info=\u00bb{}\u00bb theme_builder_area=\u00bbpost_content\u00bb sticky_enabled=\u00bb0&#8243;][\/et_pb_image][\/et_pb_column][\/et_pb_row][et_pb_row _builder_version=\u00bb4.17.1&#8243; _module_preset=\u00bbdefault\u00bb global_colors_info=\u00bb{}\u00bb theme_builder_area=\u00bbpost_content\u00bb][et_pb_column type=\u00bb4_4&#8243; _builder_version=\u00bb4.17.1&#8243; _module_preset=\u00bbdefault\u00bb global_colors_info=\u00bb{}\u00bb theme_builder_area=\u00bbpost_content\u00bb][et_pb_text _builder_version=\u00bb4.17.1&#8243; _module_preset=\u00bbdefault\u00bb text_font=\u00bbRubik|300|||||||\u00bb header_font=\u00bbRubik||||||||\u00bb header_font_size=\u00bb40px\u00bb hover_enabled=\u00bb0&#8243; global_colors_info=\u00bb{}\u00bb theme_builder_area=\u00bbpost_content\u00bb sticky_enabled=\u00bb0&#8243;]<h1>Canviem d&#8217;espai per a les visites familiars<\/h1>\n&nbsp;\n\nA partir de la setmana vinent les visites familiars es realitzaran en el cobert de la terrassa de la 2a planta, ja que les condicions meteorol\u00f2giques no permeten fer-les en l\u2019aire lliure. Les mesures de protecci\u00f3 continuaran sent les mateixes: acudir amb GUANTS i MASCARETA, desinfecci\u00f3 del cal\u00e7at, dist\u00e0ncia m\u00ednima de 2 metres, registre d\u2019entrada, presa de temperatura, etc.\n\nRecordem que continuem utilitzant les videotrucades Skype i les trucades telef\u00f2niques per a mantenir el contacte amb el resident, aix\u00ed com el compte d\u2019Instagram.\n\nGr\u00e0cies a tots i totes per la vostra col\u00b7laboraci\u00f3! \ud83d\ude42[\/et_pb_text][\/et_pb_column][\/et_pb_row][\/et_pb_section]\n","protected":false},"excerpt":{"rendered":"<p>A partir de la pr\u00f3xima semana las visitas familiares se realizar\u00e1n en el cobertizo de la terraza de la 2\u00aa planta, ya que las condiciones meteorol\u00f3gicas no permiten hacerlas en el aire libre. Las medidas de protecci\u00f3n continuar\u00e1n siendo las mismas: acudir con GUANTES y MASCARILLA, desinfecci\u00f3n del calzado, distancia m\u00ednima de 2 metros, registro de entrada, toma de temperatura, etc.<\/p>","protected":false},"author":1,"featured_media":5671,"comment_status":"closed","ping_status":"closed","sticky":false,"template":"","format":"standard","meta":{"_et_pb_use_builder":"on","_et_pb_old_content":"","_et_gb_content_width":"1080","footnotes":""},"categories":[1],"tags":[],"class_list":["post-5670","post","type-post","status-publish","format-standard","has-post-thumbnail","hentry","category-uncategorized"],"yoast_head":"<!-- This site is optimized with the Yoast SEO plugin v28.3 - https:\/\/yoast.com\/product\/yoast-seo-wordpress\/ -->\n<title>Canviem d&#039;espai per a les visites familiars - Primitiva Barba<\/title>\n<meta name=\"robots\" content=\"index, follow, max-snippet:-1, max-image-preview:large, max-video-preview:-1\" \/>\n<link rel=\"canonical\" href=\"https:\/\/primitivabarba.com\/esp\/cambiamos-de-espacio-para-las-visitas-familiares\/\" \/>\n<meta property=\"og:locale\" content=\"es_ES\" \/>\n<meta property=\"og:type\" content=\"article\" \/>\n<meta property=\"og:title\" content=\"Canviem d&#039;espai per a les visites familiars - Primitiva Barba\" \/>\n<meta property=\"og:description\" content=\"A partir de la setmana vinent les visites familiars es realitzaran en el cobert de la terrassa de la 2a planta, ja que les condicions meteorol\u00f2giques no permeten fer-les en l\u2019aire lliure. Les mesures de protecci\u00f3 continuaran sent les mateixes: acudir amb GUANTS i MASCARETA, desinfecci\u00f3 del cal\u00e7at, dist\u00e0ncia m\u00ednima de 2 metres, registre d\u2019entrada, presa de temperatura, etc.\" \/>\n<meta property=\"og:url\" content=\"https:\/\/primitivabarba.com\/esp\/cambiamos-de-espacio-para-las-visitas-familiares\/\" \/>\n<meta property=\"og:site_name\" content=\"Primitiva Barba\" \/>\n<meta property=\"article:publisher\" content=\"https:\/\/www.facebook.com\/profile.php?id=100089739648754\" \/>\n<meta property=\"article:published_time\" content=\"2020-10-14T12:11:00+00:00\" \/>\n<meta property=\"article:modified_time\" content=\"2022-12-14T12:14:29+00:00\" \/>\n<meta property=\"og:image\" content=\"https:\/\/primitivabarba.com\/wp-content\/uploads\/2022\/12\/IMG_9262-800x600-1.jpg\" \/>\n\t<meta property=\"og:image:width\" content=\"800\" \/>\n\t<meta property=\"og:image:height\" content=\"600\" \/>\n\t<meta property=\"og:image:type\" content=\"image\/jpeg\" \/>\n<meta name=\"author\" content=\"assisoft\" \/>\n<meta name=\"twitter:card\" content=\"summary_large_image\" \/>\n<meta name=\"twitter:label1\" content=\"Escrito por\" \/>\n\t<meta name=\"twitter:data1\" content=\"assisoft\" \/>\n\t<meta name=\"twitter:label2\" content=\"Tiempo de lectura\" \/>\n\t<meta name=\"twitter:data2\" content=\"1 minuto\" \/>\n<script type=\"application\/ld+json\" class=\"yoast-schema-graph\">{\"@context\":\"https:\\\/\\\/schema.org\",\"@graph\":[{\"@type\":\"Article\",\"@id\":\"https:\\\/\\\/primitivabarba.com\\\/canviem-despai-per-a-les-visites-familiars\\\/#article\",\"isPartOf\":{\"@id\":\"https:\\\/\\\/primitivabarba.com\\\/canviem-despai-per-a-les-visites-familiars\\\/\"},\"author\":{\"name\":\"assisoft\",\"@id\":\"https:\\\/\\\/primitivabarba.com\\\/#\\\/schema\\\/person\\\/22c84df87e501c58e1086052ac9913b6\"},\"headline\":\"Canviem d&#8217;espai per a les visites familiars\",\"datePublished\":\"2020-10-14T12:11:00+00:00\",\"dateModified\":\"2022-12-14T12:14:29+00:00\",\"mainEntityOfPage\":{\"@id\":\"https:\\\/\\\/primitivabarba.com\\\/canviem-despai-per-a-les-visites-familiars\\\/\"},\"wordCount\":291,\"publisher\":{\"@id\":\"https:\\\/\\\/primitivabarba.com\\\/#organization\"},\"image\":{\"@id\":\"https:\\\/\\\/primitivabarba.com\\\/canviem-despai-per-a-les-visites-familiars\\\/#primaryimage\"},\"thumbnailUrl\":\"https:\\\/\\\/primitivabarba.com\\\/wp-content\\\/uploads\\\/2022\\\/12\\\/IMG_9262-800x600-1.jpg\",\"articleSection\":[\"Uncategorized\"],\"inLanguage\":\"es\"},{\"@type\":\"WebPage\",\"@id\":\"https:\\\/\\\/primitivabarba.com\\\/canviem-despai-per-a-les-visites-familiars\\\/\",\"url\":\"https:\\\/\\\/primitivabarba.com\\\/canviem-despai-per-a-les-visites-familiars\\\/\",\"name\":\"Canviem d'espai per a les visites familiars - Primitiva Barba\",\"isPartOf\":{\"@id\":\"https:\\\/\\\/primitivabarba.com\\\/#website\"},\"primaryImageOfPage\":{\"@id\":\"https:\\\/\\\/primitivabarba.com\\\/canviem-despai-per-a-les-visites-familiars\\\/#primaryimage\"},\"image\":{\"@id\":\"https:\\\/\\\/primitivabarba.com\\\/canviem-despai-per-a-les-visites-familiars\\\/#primaryimage\"},\"thumbnailUrl\":\"https:\\\/\\\/primitivabarba.com\\\/wp-content\\\/uploads\\\/2022\\\/12\\\/IMG_9262-800x600-1.jpg\",\"datePublished\":\"2020-10-14T12:11:00+00:00\",\"dateModified\":\"2022-12-14T12:14:29+00:00\",\"breadcrumb\":{\"@id\":\"https:\\\/\\\/primitivabarba.com\\\/canviem-despai-per-a-les-visites-familiars\\\/#breadcrumb\"},\"inLanguage\":\"es\",\"potentialAction\":[{\"@type\":\"ReadAction\",\"target\":[\"https:\\\/\\\/primitivabarba.com\\\/canviem-despai-per-a-les-visites-familiars\\\/\"]}]},{\"@type\":\"ImageObject\",\"inLanguage\":\"es\",\"@id\":\"https:\\\/\\\/primitivabarba.com\\\/canviem-despai-per-a-les-visites-familiars\\\/#primaryimage\",\"url\":\"https:\\\/\\\/primitivabarba.com\\\/wp-content\\\/uploads\\\/2022\\\/12\\\/IMG_9262-800x600-1.jpg\",\"contentUrl\":\"https:\\\/\\\/primitivabarba.com\\\/wp-content\\\/uploads\\\/2022\\\/12\\\/IMG_9262-800x600-1.jpg\",\"width\":800,\"height\":600},{\"@type\":\"BreadcrumbList\",\"@id\":\"https:\\\/\\\/primitivabarba.com\\\/canviem-despai-per-a-les-visites-familiars\\\/#breadcrumb\",\"itemListElement\":[{\"@type\":\"ListItem\",\"position\":1,\"name\":\"Inici\",\"item\":\"https:\\\/\\\/primitivabarba.com\\\/\"},{\"@type\":\"ListItem\",\"position\":2,\"name\":\"Canviem d&#8217;espai per a les visites familiars\"}]},{\"@type\":\"WebSite\",\"@id\":\"https:\\\/\\\/primitivabarba.com\\\/#website\",\"url\":\"https:\\\/\\\/primitivabarba.com\\\/\",\"name\":\"Primitiva Barba\",\"description\":\"Centre Residencial per a gent gran\",\"publisher\":{\"@id\":\"https:\\\/\\\/primitivabarba.com\\\/#organization\"},\"inLanguage\":\"es\"},{\"@type\":\"Organization\",\"@id\":\"https:\\\/\\\/primitivabarba.com\\\/#organization\",\"name\":\"Primitiva Barba\",\"url\":\"https:\\\/\\\/primitivabarba.com\\\/\",\"logo\":{\"@type\":\"ImageObject\",\"inLanguage\":\"es\",\"@id\":\"https:\\\/\\\/primitivabarba.com\\\/#\\\/schema\\\/logo\\\/image\\\/\",\"url\":\"https:\\\/\\\/primitivabarba.com\\\/wp-content\\\/uploads\\\/2024\\\/05\\\/image5.png\",\"contentUrl\":\"https:\\\/\\\/primitivabarba.com\\\/wp-content\\\/uploads\\\/2024\\\/05\\\/image5.png\",\"width\":1168,\"height\":1168,\"caption\":\"Primitiva Barba\"},\"image\":{\"@id\":\"https:\\\/\\\/primitivabarba.com\\\/#\\\/schema\\\/logo\\\/image\\\/\"},\"sameAs\":[\"https:\\\/\\\/www.facebook.com\\\/profile.php?id=100089739648754\",\"https:\\\/\\\/www.instagram.com\\\/primitivabarba\\\/\"]},{\"@type\":\"Person\",\"@id\":\"https:\\\/\\\/primitivabarba.com\\\/#\\\/schema\\\/person\\\/22c84df87e501c58e1086052ac9913b6\",\"name\":\"assisoft\",\"image\":{\"@type\":\"ImageObject\",\"inLanguage\":\"es\",\"@id\":\"https:\\\/\\\/primitivabarba.com\\\/wp-content\\\/litespeed\\\/avatar\\\/0ee51eaac491861c051954dde15c2d6e.jpg?ver=1787930553\",\"url\":\"https:\\\/\\\/primitivabarba.com\\\/wp-content\\\/litespeed\\\/avatar\\\/0ee51eaac491861c051954dde15c2d6e.jpg?ver=1787930553\",\"contentUrl\":\"https:\\\/\\\/primitivabarba.com\\\/wp-content\\\/litespeed\\\/avatar\\\/0ee51eaac491861c051954dde15c2d6e.jpg?ver=1787930553\",\"caption\":\"assisoft\"},\"sameAs\":[\"https:\\\/\\\/primitivabarba.com\"]}]}<\/script>\n<!-- \/ Yoast SEO plugin. -->","yoast_head_json":{"title":"Cambiamos de espacio para las visitas familiares - Primitiva Barba","robots":{"index":"index","follow":"follow","max-snippet":"max-snippet:-1","max-image-preview":"max-image-preview:large","max-video-preview":"max-video-preview:-1"},"canonical":"https:\/\/primitivabarba.com\/esp\/cambiamos-de-espacio-para-las-visitas-familiares\/","og_locale":"es_ES","og_type":"article","og_title":"Canviem d'espai per a les visites familiars - Primitiva Barba","og_description":"A partir de la setmana vinent les visites familiars es realitzaran en el cobert de la terrassa de la 2a planta, ja que les condicions meteorol\u00f2giques no permeten fer-les en l\u2019aire lliure. Les mesures de protecci\u00f3 continuaran sent les mateixes: acudir amb GUANTS i MASCARETA, desinfecci\u00f3 del cal\u00e7at, dist\u00e0ncia m\u00ednima de 2 metres, registre d\u2019entrada, presa de temperatura, etc.","og_url":"https:\/\/primitivabarba.com\/esp\/cambiamos-de-espacio-para-las-visitas-familiares\/","og_site_name":"Primitiva Barba","article_publisher":"https:\/\/www.facebook.com\/profile.php?id=100089739648754","article_published_time":"2020-10-14T12:11:00+00:00","article_modified_time":"2022-12-14T12:14:29+00:00","og_image":[{"width":800,"height":600,"url":"https:\/\/primitivabarba.com\/wp-content\/uploads\/2022\/12\/IMG_9262-800x600-1.jpg","type":"image\/jpeg"}],"author":"assisoft","twitter_card":"summary_large_image","twitter_misc":{"Escrito por":"assisoft","Tiempo de lectura":"1 minuto"},"schema":{"@context":"https:\/\/schema.org","@graph":[{"@type":"Article","@id":"https:\/\/primitivabarba.com\/canviem-despai-per-a-les-visites-familiars\/#article","isPartOf":{"@id":"https:\/\/primitivabarba.com\/canviem-despai-per-a-les-visites-familiars\/"},"author":{"name":"assisoft","@id":"https:\/\/primitivabarba.com\/#\/schema\/person\/22c84df87e501c58e1086052ac9913b6"},"headline":"Canviem d&#8217;espai per a les visites familiars","datePublished":"2020-10-14T12:11:00+00:00","dateModified":"2022-12-14T12:14:29+00:00","mainEntityOfPage":{"@id":"https:\/\/primitivabarba.com\/canviem-despai-per-a-les-visites-familiars\/"},"wordCount":291,"publisher":{"@id":"https:\/\/primitivabarba.com\/#organization"},"image":{"@id":"https:\/\/primitivabarba.com\/canviem-despai-per-a-les-visites-familiars\/#primaryimage"},"thumbnailUrl":"https:\/\/primitivabarba.com\/wp-content\/uploads\/2022\/12\/IMG_9262-800x600-1.jpg","articleSection":["Uncategorized"],"inLanguage":"es"},{"@type":"WebPage","@id":"https:\/\/primitivabarba.com\/canviem-despai-per-a-les-visites-familiars\/","url":"https:\/\/primitivabarba.com\/canviem-despai-per-a-les-visites-familiars\/","name":"Cambiamos de espacio para las visitas familiares - Primitiva Barba","isPartOf":{"@id":"https:\/\/primitivabarba.com\/#website"},"primaryImageOfPage":{"@id":"https:\/\/primitivabarba.com\/canviem-despai-per-a-les-visites-familiars\/#primaryimage"},"image":{"@id":"https:\/\/primitivabarba.com\/canviem-despai-per-a-les-visites-familiars\/#primaryimage"},"thumbnailUrl":"https:\/\/primitivabarba.com\/wp-content\/uploads\/2022\/12\/IMG_9262-800x600-1.jpg","datePublished":"2020-10-14T12:11:00+00:00","dateModified":"2022-12-14T12:14:29+00:00","breadcrumb":{"@id":"https:\/\/primitivabarba.com\/canviem-despai-per-a-les-visites-familiars\/#breadcrumb"},"inLanguage":"es","potentialAction":[{"@type":"ReadAction","target":["https:\/\/primitivabarba.com\/canviem-despai-per-a-les-visites-familiars\/"]}]},{"@type":"ImageObject","inLanguage":"es","@id":"https:\/\/primitivabarba.com\/canviem-despai-per-a-les-visites-familiars\/#primaryimage","url":"https:\/\/primitivabarba.com\/wp-content\/uploads\/2022\/12\/IMG_9262-800x600-1.jpg","contentUrl":"https:\/\/primitivabarba.com\/wp-content\/uploads\/2022\/12\/IMG_9262-800x600-1.jpg","width":800,"height":600},{"@type":"BreadcrumbList","@id":"https:\/\/primitivabarba.com\/canviem-despai-per-a-les-visites-familiars\/#breadcrumb","itemListElement":[{"@type":"ListItem","position":1,"name":"Inici","item":"https:\/\/primitivabarba.com\/"},{"@type":"ListItem","position":2,"name":"Canviem d&#8217;espai per a les visites familiars"}]},{"@type":"WebSite","@id":"https:\/\/primitivabarba.com\/#website","url":"https:\/\/primitivabarba.com\/","name":"Primitiva Barba","description":"Centro Residencial para personas mayores","publisher":{"@id":"https:\/\/primitivabarba.com\/#organization"},"inLanguage":"es"},{"@type":"Organization","@id":"https:\/\/primitivabarba.com\/#organization","name":"Primitiva Barba","url":"https:\/\/primitivabarba.com\/","logo":{"@type":"ImageObject","inLanguage":"es","@id":"https:\/\/primitivabarba.com\/#\/schema\/logo\/image\/","url":"https:\/\/primitivabarba.com\/wp-content\/uploads\/2024\/05\/image5.png","contentUrl":"https:\/\/primitivabarba.com\/wp-content\/uploads\/2024\/05\/image5.png","width":1168,"height":1168,"caption":"Primitiva Barba"},"image":{"@id":"https:\/\/primitivabarba.com\/#\/schema\/logo\/image\/"},"sameAs":["https:\/\/www.facebook.com\/profile.php?id=100089739648754","https:\/\/www.instagram.com\/primitivabarba\/"]},{"@type":"Person","@id":"https:\/\/primitivabarba.com\/#\/schema\/person\/22c84df87e501c58e1086052ac9913b6","name":"assisoft","image":{"@type":"ImageObject","inLanguage":"es","@id":"https:\/\/primitivabarba.com\/wp-content\/litespeed\/avatar\/0ee51eaac491861c051954dde15c2d6e.jpg?ver=1787930553","url":"https:\/\/primitivabarba.com\/wp-content\/litespeed\/avatar\/0ee51eaac491861c051954dde15c2d6e.jpg?ver=1787930553","contentUrl":"https:\/\/primitivabarba.com\/wp-content\/litespeed\/avatar\/0ee51eaac491861c051954dde15c2d6e.jpg?ver=1787930553","caption":"assisoft"},"sameAs":["https:\/\/primitivabarba.com"]}]}},"_links":{"self":[{"href":"https:\/\/primitivabarba.com\/esp\/wp-json\/wp\/v2\/posts\/5670","targetHints":{"allow":["GET"]}}],"collection":[{"href":"https:\/\/primitivabarba.com\/esp\/wp-json\/wp\/v2\/posts"}],"about":[{"href":"https:\/\/primitivabarba.com\/esp\/wp-json\/wp\/v2\/types\/post"}],"author":[{"embeddable":true,"href":"https:\/\/primitivabarba.com\/esp\/wp-json\/wp\/v2\/users\/1"}],"replies":[{"embeddable":true,"href":"https:\/\/primitivabarba.com\/esp\/wp-json\/wp\/v2\/comments?post=5670"}],"version-history":[{"count":3,"href":"https:\/\/primitivabarba.com\/esp\/wp-json\/wp\/v2\/posts\/5670\/revisions"}],"predecessor-version":[{"id":5675,"href":"https:\/\/primitivabarba.com\/esp\/wp-json\/wp\/v2\/posts\/5670\/revisions\/5675"}],"wp:featuredmedia":[{"embeddable":true,"href":"https:\/\/primitivabarba.com\/esp\/wp-json\/wp\/v2\/media\/5671"}],"wp:attachment":[{"href":"https:\/\/primitivabarba.com\/esp\/wp-json\/wp\/v2\/media?parent=5670"}],"wp:term":[{"taxonomy":"category","embeddable":true,"href":"https:\/\/primitivabarba.com\/esp\/wp-json\/wp\/v2\/categories?post=5670"},{"taxonomy":"post_tag","embeddable":true,"href":"https:\/\/primitivabarba.com\/esp\/wp-json\/wp\/v2\/tags?post=5670"}],"curies":[{"name":"wp","href":"https:\/\/api.w.org\/{rel}","templated":true}]}}