{"id":5621,"date":"2021-01-20T11:02:00","date_gmt":"2021-01-20T11:02:00","guid":{"rendered":"https:\/\/primitivabarba.com\/?p=5621"},"modified":"2022-12-14T11:26:59","modified_gmt":"2022-12-14T11:26:59","slug":"visitas-del-ayuntamiento-de-san-vicenco-de-los-huertos","status":"publish","type":"post","link":"https:\/\/primitivabarba.com\/esp\/visites-de-lajuntament-de-sant-vicenc-dels-horts\/","title":{"rendered":"Visitas del ayuntamiento de Sant Vicen\u00e7 dels Horts"},"content":{"rendered":"\n[et_pb_section fb_built=\u00bb1&#8243; _builder_version=\u00bb4.17.1&#8243; _module_preset=\u00bbdefault\u00bb global_colors_info=\u00bb{}\u00bb theme_builder_area=\u00bbpost_content\u00bb][et_pb_row _builder_version=\u00bb4.17.1&#8243; _module_preset=\u00bbdefault\u00bb global_colors_info=\u00bb{}\u00bb theme_builder_area=\u00bbpost_content\u00bb][et_pb_column type=\u00bb4_4&#8243; _builder_version=\u00bb4.17.1&#8243; _module_preset=\u00bbdefault\u00bb global_colors_info=\u00bb{}\u00bb theme_builder_area=\u00bbpost_content\u00bb][et_pb_image src=\u00bbhttps:\/\/primitivabarba.com\/wp-content\/uploads\/2022\/12\/IMG_1323.jpg\u00bb title_text=\u00bbIMG_1323&#8243; align=\u00bbcenter\u00bb _builder_version=\u00bb4.17.1&#8243; _module_preset=\u00bbdefault\u00bb hover_enabled=\u00bb0&#8243; global_colors_info=\u00bb{}\u00bb theme_builder_area=\u00bbpost_content\u00bb sticky_enabled=\u00bb0&#8243;][\/et_pb_image][\/et_pb_column][\/et_pb_row][et_pb_row _builder_version=\u00bb4.17.1&#8243; _module_preset=\u00bbdefault\u00bb global_colors_info=\u00bb{}\u00bb theme_builder_area=\u00bbpost_content\u00bb][et_pb_column type=\u00bb4_4&#8243; _builder_version=\u00bb4.17.1&#8243; _module_preset=\u00bbdefault\u00bb global_colors_info=\u00bb{}\u00bb theme_builder_area=\u00bbpost_content\u00bb][et_pb_text _builder_version=\u00bb4.17.1&#8243; _module_preset=\u00bbdefault\u00bb text_font=\u00bbRubik|300|||||||\u00bb header_font=\u00bbRubik||||||||\u00bb header_font_size=\u00bb40px\u00bb hover_enabled=\u00bb0&#8243; global_colors_info=\u00bb{}\u00bb theme_builder_area=\u00bbpost_content\u00bb sticky_enabled=\u00bb0&#8243;]<h1>Visita de l&#8217;Ajuntament de Sant Viven\u00e7 dels Horts<\/h1>\n&nbsp;\n\nAvui han vingut a visitar-nos membres de l\u2019Ajuntament, entre ells l\u2019alcalde del municipi, Miguel\u00a0Comino.\n\nHa estat una grata i esperada visita, ja que en aquests moments tan necessaris s\u2019agraeix el suport rebut per part de les institucions. Han pogut verificar que els regals de Nadal van arribar al seu temps a Primitiva Barba i, a m\u00e9s, comprovar de primera m\u00e0 la situaci\u00f3 en la qual es troba el centre.[\/et_pb_text][\/et_pb_column][\/et_pb_row][et_pb_row _builder_version=\u00bb4.17.1&#8243; _module_preset=\u00bbdefault\u00bb theme_builder_area=\u00bbpost_content\u00bb][et_pb_column _builder_version=\u00bb4.17.1&#8243; _module_preset=\u00bbdefault\u00bb type=\u00bb4_4&#8243; theme_builder_area=\u00bbpost_content\u00bb][et_pb_image src=\u00bbhttps:\/\/primitivabarba.com\/wp-content\/uploads\/2022\/12\/QQQQ-300&#215;225-1.jpg\u00bb _builder_version=\u00bb4.17.1&#8243; _module_preset=\u00bbdefault\u00bb theme_builder_area=\u00bbpost_content\u00bb title_text=\u00bbQQQQ-300&#215;225&#8243; hover_enabled=\u00bb0&#8243; sticky_enabled=\u00bb0&#8243; align=\u00bbcenter\u00bb][\/et_pb_image][\/et_pb_column][\/et_pb_row][\/et_pb_section]\n","protected":false},"excerpt":{"rendered":"<p>Hoy han venido a visitarnos miembros del Ayuntamiento, entre ellos el alcalde del municipio, Miguel Comino.<\/p>","protected":false},"author":1,"featured_media":5623,"comment_status":"closed","ping_status":"closed","sticky":false,"template":"","format":"standard","meta":{"_et_pb_use_builder":"on","_et_pb_old_content":"","_et_gb_content_width":"1080","footnotes":""},"categories":[1],"tags":[],"class_list":["post-5621","post","type-post","status-publish","format-standard","has-post-thumbnail","hentry","category-uncategorized"],"yoast_head":"<!-- This site is optimized with the Yoast SEO plugin v28.4 - https:\/\/yoast.com\/product\/yoast-seo-wordpress\/ -->\n<title>Visites de l&#039;ajuntament de Sant Vicen\u00e7 dels Horts - Primitiva Barba<\/title>\n<meta name=\"robots\" content=\"index, follow, max-snippet:-1, max-image-preview:large, max-video-preview:-1\" \/>\n<link rel=\"canonical\" href=\"https:\/\/primitivabarba.com\/esp\/visitas-del-ayuntamiento-de-san-vicenco-de-los-huertos\/\" \/>\n<meta property=\"og:locale\" content=\"es_ES\" \/>\n<meta property=\"og:type\" content=\"article\" \/>\n<meta property=\"og:title\" content=\"Visites de l&#039;ajuntament de Sant Vicen\u00e7 dels Horts - Primitiva Barba\" \/>\n<meta property=\"og:description\" content=\"Avui han vingut a visitar-nos membres de l\u2019Ajuntament, entre ells l\u2019alcalde del municipi, Miguel\u00a0Comino.\" \/>\n<meta property=\"og:url\" content=\"https:\/\/primitivabarba.com\/esp\/visitas-del-ayuntamiento-de-san-vicenco-de-los-huertos\/\" \/>\n<meta property=\"og:site_name\" content=\"Primitiva Barba\" \/>\n<meta property=\"article:publisher\" content=\"https:\/\/www.facebook.com\/profile.php?id=100089739648754\" \/>\n<meta property=\"article:published_time\" content=\"2021-01-20T11:02:00+00:00\" \/>\n<meta property=\"article:modified_time\" content=\"2022-12-14T11:26:59+00:00\" \/>\n<meta property=\"og:image\" content=\"https:\/\/primitivabarba.com\/wp-content\/uploads\/2022\/12\/IMG_1323.jpg\" \/>\n\t<meta property=\"og:image:width\" content=\"2309\" \/>\n\t<meta property=\"og:image:height\" content=\"1265\" \/>\n\t<meta property=\"og:image:type\" content=\"image\/jpeg\" \/>\n<meta name=\"author\" content=\"assisoft\" \/>\n<meta name=\"twitter:card\" content=\"summary_large_image\" \/>\n<meta name=\"twitter:label1\" content=\"Escrito por\" \/>\n\t<meta name=\"twitter:data1\" content=\"assisoft\" \/>\n\t<meta name=\"twitter:label2\" content=\"Tiempo de lectura\" \/>\n\t<meta name=\"twitter:data2\" content=\"1 minuto\" \/>\n<script type=\"application\/ld+json\" class=\"yoast-schema-graph\">{\"@context\":\"https:\\\/\\\/schema.org\",\"@graph\":[{\"@type\":\"Article\",\"@id\":\"https:\\\/\\\/primitivabarba.com\\\/visites-de-lajuntament-de-sant-vicenc-dels-horts\\\/#article\",\"isPartOf\":{\"@id\":\"https:\\\/\\\/primitivabarba.com\\\/visites-de-lajuntament-de-sant-vicenc-dels-horts\\\/\"},\"author\":{\"name\":\"assisoft\",\"@id\":\"https:\\\/\\\/primitivabarba.com\\\/#\\\/schema\\\/person\\\/22c84df87e501c58e1086052ac9913b6\"},\"headline\":\"Visites de l&#8217;ajuntament de Sant Vicen\u00e7 dels Horts\",\"datePublished\":\"2021-01-20T11:02:00+00:00\",\"dateModified\":\"2022-12-14T11:26:59+00:00\",\"mainEntityOfPage\":{\"@id\":\"https:\\\/\\\/primitivabarba.com\\\/visites-de-lajuntament-de-sant-vicenc-dels-horts\\\/\"},\"wordCount\":330,\"publisher\":{\"@id\":\"https:\\\/\\\/primitivabarba.com\\\/#organization\"},\"image\":{\"@id\":\"https:\\\/\\\/primitivabarba.com\\\/visites-de-lajuntament-de-sant-vicenc-dels-horts\\\/#primaryimage\"},\"thumbnailUrl\":\"https:\\\/\\\/primitivabarba.com\\\/wp-content\\\/uploads\\\/2022\\\/12\\\/IMG_1323.jpg\",\"articleSection\":[\"Uncategorized\"],\"inLanguage\":\"es\"},{\"@type\":\"WebPage\",\"@id\":\"https:\\\/\\\/primitivabarba.com\\\/visites-de-lajuntament-de-sant-vicenc-dels-horts\\\/\",\"url\":\"https:\\\/\\\/primitivabarba.com\\\/visites-de-lajuntament-de-sant-vicenc-dels-horts\\\/\",\"name\":\"Visites de l'ajuntament de Sant Vicen\u00e7 dels Horts - Primitiva Barba\",\"isPartOf\":{\"@id\":\"https:\\\/\\\/primitivabarba.com\\\/#website\"},\"primaryImageOfPage\":{\"@id\":\"https:\\\/\\\/primitivabarba.com\\\/visites-de-lajuntament-de-sant-vicenc-dels-horts\\\/#primaryimage\"},\"image\":{\"@id\":\"https:\\\/\\\/primitivabarba.com\\\/visites-de-lajuntament-de-sant-vicenc-dels-horts\\\/#primaryimage\"},\"thumbnailUrl\":\"https:\\\/\\\/primitivabarba.com\\\/wp-content\\\/uploads\\\/2022\\\/12\\\/IMG_1323.jpg\",\"datePublished\":\"2021-01-20T11:02:00+00:00\",\"dateModified\":\"2022-12-14T11:26:59+00:00\",\"breadcrumb\":{\"@id\":\"https:\\\/\\\/primitivabarba.com\\\/visites-de-lajuntament-de-sant-vicenc-dels-horts\\\/#breadcrumb\"},\"inLanguage\":\"es\",\"potentialAction\":[{\"@type\":\"ReadAction\",\"target\":[\"https:\\\/\\\/primitivabarba.com\\\/visites-de-lajuntament-de-sant-vicenc-dels-horts\\\/\"]}]},{\"@type\":\"ImageObject\",\"inLanguage\":\"es\",\"@id\":\"https:\\\/\\\/primitivabarba.com\\\/visites-de-lajuntament-de-sant-vicenc-dels-horts\\\/#primaryimage\",\"url\":\"https:\\\/\\\/primitivabarba.com\\\/wp-content\\\/uploads\\\/2022\\\/12\\\/IMG_1323.jpg\",\"contentUrl\":\"https:\\\/\\\/primitivabarba.com\\\/wp-content\\\/uploads\\\/2022\\\/12\\\/IMG_1323.jpg\",\"width\":1920,\"height\":1052},{\"@type\":\"BreadcrumbList\",\"@id\":\"https:\\\/\\\/primitivabarba.com\\\/visites-de-lajuntament-de-sant-vicenc-dels-horts\\\/#breadcrumb\",\"itemListElement\":[{\"@type\":\"ListItem\",\"position\":1,\"name\":\"Inici\",\"item\":\"https:\\\/\\\/primitivabarba.com\\\/\"},{\"@type\":\"ListItem\",\"position\":2,\"name\":\"Visites de l&#8217;ajuntament de Sant Vicen\u00e7 dels Horts\"}]},{\"@type\":\"WebSite\",\"@id\":\"https:\\\/\\\/primitivabarba.com\\\/#website\",\"url\":\"https:\\\/\\\/primitivabarba.com\\\/\",\"name\":\"Primitiva Barba\",\"description\":\"Centre Residencial per a gent gran\",\"publisher\":{\"@id\":\"https:\\\/\\\/primitivabarba.com\\\/#organization\"},\"inLanguage\":\"es\"},{\"@type\":\"Organization\",\"@id\":\"https:\\\/\\\/primitivabarba.com\\\/#organization\",\"name\":\"Primitiva Barba\",\"url\":\"https:\\\/\\\/primitivabarba.com\\\/\",\"logo\":{\"@type\":\"ImageObject\",\"inLanguage\":\"es\",\"@id\":\"https:\\\/\\\/primitivabarba.com\\\/#\\\/schema\\\/logo\\\/image\\\/\",\"url\":\"https:\\\/\\\/primitivabarba.com\\\/wp-content\\\/uploads\\\/2024\\\/05\\\/image5.png\",\"contentUrl\":\"https:\\\/\\\/primitivabarba.com\\\/wp-content\\\/uploads\\\/2024\\\/05\\\/image5.png\",\"width\":1168,\"height\":1168,\"caption\":\"Primitiva Barba\"},\"image\":{\"@id\":\"https:\\\/\\\/primitivabarba.com\\\/#\\\/schema\\\/logo\\\/image\\\/\"},\"sameAs\":[\"https:\\\/\\\/www.facebook.com\\\/profile.php?id=100089739648754\",\"https:\\\/\\\/www.instagram.com\\\/primitivabarba\\\/\"]},{\"@type\":\"Person\",\"@id\":\"https:\\\/\\\/primitivabarba.com\\\/#\\\/schema\\\/person\\\/22c84df87e501c58e1086052ac9913b6\",\"name\":\"assisoft\",\"image\":{\"@type\":\"ImageObject\",\"inLanguage\":\"es\",\"@id\":\"https:\\\/\\\/primitivabarba.com\\\/wp-content\\\/litespeed\\\/avatar\\\/0ee51eaac491861c051954dde15c2d6e.jpg?ver=1787930553\",\"url\":\"https:\\\/\\\/primitivabarba.com\\\/wp-content\\\/litespeed\\\/avatar\\\/0ee51eaac491861c051954dde15c2d6e.jpg?ver=1787930553\",\"contentUrl\":\"https:\\\/\\\/primitivabarba.com\\\/wp-content\\\/litespeed\\\/avatar\\\/0ee51eaac491861c051954dde15c2d6e.jpg?ver=1787930553\",\"caption\":\"assisoft\"},\"sameAs\":[\"https:\\\/\\\/primitivabarba.com\"]}]}<\/script>\n<!-- \/ Yoast SEO plugin. -->","yoast_head_json":{"title":"Visitas del ayuntamiento de Sant Vicen\u00e7 dels Horts - Primitiva Barba","robots":{"index":"index","follow":"follow","max-snippet":"max-snippet:-1","max-image-preview":"max-image-preview:large","max-video-preview":"max-video-preview:-1"},"canonical":"https:\/\/primitivabarba.com\/esp\/visitas-del-ayuntamiento-de-san-vicenco-de-los-huertos\/","og_locale":"es_ES","og_type":"article","og_title":"Visites de l'ajuntament de Sant Vicen\u00e7 dels Horts - Primitiva Barba","og_description":"Avui han vingut a visitar-nos membres de l\u2019Ajuntament, entre ells l\u2019alcalde del municipi, Miguel\u00a0Comino.","og_url":"https:\/\/primitivabarba.com\/esp\/visitas-del-ayuntamiento-de-san-vicenco-de-los-huertos\/","og_site_name":"Primitiva Barba","article_publisher":"https:\/\/www.facebook.com\/profile.php?id=100089739648754","article_published_time":"2021-01-20T11:02:00+00:00","article_modified_time":"2022-12-14T11:26:59+00:00","og_image":[{"width":2309,"height":1265,"url":"https:\/\/primitivabarba.com\/wp-content\/uploads\/2022\/12\/IMG_1323.jpg","type":"image\/jpeg"}],"author":"assisoft","twitter_card":"summary_large_image","twitter_misc":{"Escrito por":"assisoft","Tiempo de lectura":"1 minuto"},"schema":{"@context":"https:\/\/schema.org","@graph":[{"@type":"Article","@id":"https:\/\/primitivabarba.com\/visites-de-lajuntament-de-sant-vicenc-dels-horts\/#article","isPartOf":{"@id":"https:\/\/primitivabarba.com\/visites-de-lajuntament-de-sant-vicenc-dels-horts\/"},"author":{"name":"assisoft","@id":"https:\/\/primitivabarba.com\/#\/schema\/person\/22c84df87e501c58e1086052ac9913b6"},"headline":"Visites de l&#8217;ajuntament de Sant Vicen\u00e7 dels Horts","datePublished":"2021-01-20T11:02:00+00:00","dateModified":"2022-12-14T11:26:59+00:00","mainEntityOfPage":{"@id":"https:\/\/primitivabarba.com\/visites-de-lajuntament-de-sant-vicenc-dels-horts\/"},"wordCount":330,"publisher":{"@id":"https:\/\/primitivabarba.com\/#organization"},"image":{"@id":"https:\/\/primitivabarba.com\/visites-de-lajuntament-de-sant-vicenc-dels-horts\/#primaryimage"},"thumbnailUrl":"https:\/\/primitivabarba.com\/wp-content\/uploads\/2022\/12\/IMG_1323.jpg","articleSection":["Uncategorized"],"inLanguage":"es"},{"@type":"WebPage","@id":"https:\/\/primitivabarba.com\/visites-de-lajuntament-de-sant-vicenc-dels-horts\/","url":"https:\/\/primitivabarba.com\/visites-de-lajuntament-de-sant-vicenc-dels-horts\/","name":"Visitas del ayuntamiento de Sant Vicen\u00e7 dels Horts - Primitiva Barba","isPartOf":{"@id":"https:\/\/primitivabarba.com\/#website"},"primaryImageOfPage":{"@id":"https:\/\/primitivabarba.com\/visites-de-lajuntament-de-sant-vicenc-dels-horts\/#primaryimage"},"image":{"@id":"https:\/\/primitivabarba.com\/visites-de-lajuntament-de-sant-vicenc-dels-horts\/#primaryimage"},"thumbnailUrl":"https:\/\/primitivabarba.com\/wp-content\/uploads\/2022\/12\/IMG_1323.jpg","datePublished":"2021-01-20T11:02:00+00:00","dateModified":"2022-12-14T11:26:59+00:00","breadcrumb":{"@id":"https:\/\/primitivabarba.com\/visites-de-lajuntament-de-sant-vicenc-dels-horts\/#breadcrumb"},"inLanguage":"es","potentialAction":[{"@type":"ReadAction","target":["https:\/\/primitivabarba.com\/visites-de-lajuntament-de-sant-vicenc-dels-horts\/"]}]},{"@type":"ImageObject","inLanguage":"es","@id":"https:\/\/primitivabarba.com\/visites-de-lajuntament-de-sant-vicenc-dels-horts\/#primaryimage","url":"https:\/\/primitivabarba.com\/wp-content\/uploads\/2022\/12\/IMG_1323.jpg","contentUrl":"https:\/\/primitivabarba.com\/wp-content\/uploads\/2022\/12\/IMG_1323.jpg","width":1920,"height":1052},{"@type":"BreadcrumbList","@id":"https:\/\/primitivabarba.com\/visites-de-lajuntament-de-sant-vicenc-dels-horts\/#breadcrumb","itemListElement":[{"@type":"ListItem","position":1,"name":"Inici","item":"https:\/\/primitivabarba.com\/"},{"@type":"ListItem","position":2,"name":"Visites de l&#8217;ajuntament de Sant Vicen\u00e7 dels Horts"}]},{"@type":"WebSite","@id":"https:\/\/primitivabarba.com\/#website","url":"https:\/\/primitivabarba.com\/","name":"Primitiva Barba","description":"Centro Residencial para personas mayores","publisher":{"@id":"https:\/\/primitivabarba.com\/#organization"},"inLanguage":"es"},{"@type":"Organization","@id":"https:\/\/primitivabarba.com\/#organization","name":"Primitiva Barba","url":"https:\/\/primitivabarba.com\/","logo":{"@type":"ImageObject","inLanguage":"es","@id":"https:\/\/primitivabarba.com\/#\/schema\/logo\/image\/","url":"https:\/\/primitivabarba.com\/wp-content\/uploads\/2024\/05\/image5.png","contentUrl":"https:\/\/primitivabarba.com\/wp-content\/uploads\/2024\/05\/image5.png","width":1168,"height":1168,"caption":"Primitiva Barba"},"image":{"@id":"https:\/\/primitivabarba.com\/#\/schema\/logo\/image\/"},"sameAs":["https:\/\/www.facebook.com\/profile.php?id=100089739648754","https:\/\/www.instagram.com\/primitivabarba\/"]},{"@type":"Person","@id":"https:\/\/primitivabarba.com\/#\/schema\/person\/22c84df87e501c58e1086052ac9913b6","name":"assisoft","image":{"@type":"ImageObject","inLanguage":"es","@id":"https:\/\/primitivabarba.com\/wp-content\/litespeed\/avatar\/0ee51eaac491861c051954dde15c2d6e.jpg?ver=1787930553","url":"https:\/\/primitivabarba.com\/wp-content\/litespeed\/avatar\/0ee51eaac491861c051954dde15c2d6e.jpg?ver=1787930553","contentUrl":"https:\/\/primitivabarba.com\/wp-content\/litespeed\/avatar\/0ee51eaac491861c051954dde15c2d6e.jpg?ver=1787930553","caption":"assisoft"},"sameAs":["https:\/\/primitivabarba.com"]}]}},"_links":{"self":[{"href":"https:\/\/primitivabarba.com\/esp\/wp-json\/wp\/v2\/posts\/5621","targetHints":{"allow":["GET"]}}],"collection":[{"href":"https:\/\/primitivabarba.com\/esp\/wp-json\/wp\/v2\/posts"}],"about":[{"href":"https:\/\/primitivabarba.com\/esp\/wp-json\/wp\/v2\/types\/post"}],"author":[{"embeddable":true,"href":"https:\/\/primitivabarba.com\/esp\/wp-json\/wp\/v2\/users\/1"}],"replies":[{"embeddable":true,"href":"https:\/\/primitivabarba.com\/esp\/wp-json\/wp\/v2\/comments?post=5621"}],"version-history":[{"count":5,"href":"https:\/\/primitivabarba.com\/esp\/wp-json\/wp\/v2\/posts\/5621\/revisions"}],"predecessor-version":[{"id":5629,"href":"https:\/\/primitivabarba.com\/esp\/wp-json\/wp\/v2\/posts\/5621\/revisions\/5629"}],"wp:featuredmedia":[{"embeddable":true,"href":"https:\/\/primitivabarba.com\/esp\/wp-json\/wp\/v2\/media\/5623"}],"wp:attachment":[{"href":"https:\/\/primitivabarba.com\/esp\/wp-json\/wp\/v2\/media?parent=5621"}],"wp:term":[{"taxonomy":"category","embeddable":true,"href":"https:\/\/primitivabarba.com\/esp\/wp-json\/wp\/v2\/categories?post=5621"},{"taxonomy":"post_tag","embeddable":true,"href":"https:\/\/primitivabarba.com\/esp\/wp-json\/wp\/v2\/tags?post=5621"}],"curies":[{"name":"wp","href":"https:\/\/api.w.org\/{rel}","templated":true}]}}