{"id":5612,"date":"2021-01-29T10:52:00","date_gmt":"2021-01-29T10:52:00","guid":{"rendered":"https:\/\/primitivabarba.com\/?p=5612"},"modified":"2024-08-21T22:40:04","modified_gmt":"2024-08-21T22:40:04","slug":"se-administra-la-segunda-dosis-de-la-vacuna-pfizer-a-residentes-y-trabajadores","status":"publish","type":"post","link":"https:\/\/primitivabarba.com\/esp\/sadministra-la-segona-dosi-de-la-vacuna-pfizer-a-residents-i-treballadors\/","title":{"rendered":"Se administra la segunda dosis de la vacuna Pfizer a residentes y trabajadores"},"content":{"rendered":"\n[et_pb_section fb_built=\u00bb1&#8243; _builder_version=\u00bb4.17.1&#8243; _module_preset=\u00bbdefault\u00bb global_colors_info=\u00bb{}\u00bb][et_pb_row _builder_version=\u00bb4.17.1&#8243; _module_preset=\u00bbdefault\u00bb global_colors_info=\u00bb{}\u00bb][et_pb_column type=\u00bb4_4&#8243; _builder_version=\u00bb4.17.1&#8243; _module_preset=\u00bbdefault\u00bb global_colors_info=\u00bb{}\u00bb][et_pb_text _builder_version=\u00bb4.17.1&#8243; _module_preset=\u00bbdefault\u00bb text_font=\u00bbRubik|300|||||||\u00bb header_font=\u00bbRubik||||||||\u00bb header_font_size=\u00bb40px\u00bb global_colors_info=\u00bb{}\u00bb]<h1>S&#8217;administra la segona dosi de la vacuna Pfizer a residents i treballadors<\/h1>\n&nbsp;\n\nVint-i-un dies despr\u00e9s de la primera dosi, dijous passat 28 de gener, es va administrar a residents i treballadors del Centre Residencial Primitiva Barba la segona dosi de la vacuna\u00a0Pfizer\u00a0contra la Covid-19.\n\nEls encarregats d\u2019administrar-la van ser, una vegada m\u00e9s, el personal sanitari del centre de salut Fontsanta de Cornell\u00e0 de Llobregat.\n\nLa vacuna arriba en un moment complicat i es rep amb molta il\u00b7lusi\u00f3 i esperan\u00e7a per part de tots els membres del centre.\n\nAix\u00ed i tot, hem de mantenir totes les precaucions i seguir amb els protocols de seguretat que ens marquen. Tamb\u00e9 poder confiar que tot transcorri amb normalitat i que passat uns dies puguem dir que tots els nostres residents i treballadors ja s\u00f3n immunes al Covid-19.[\/et_pb_text][\/et_pb_column][\/et_pb_row][et_pb_row column_structure=\u00bb1_3,1_3,1_3&#8243; use_custom_gutter=\u00bbon\u00bb gutter_width=\u00bb1&#8243; _builder_version=\u00bb4.17.1&#8243; _module_preset=\u00bbdefault\u00bb global_colors_info=\u00bb{}\u00bb][et_pb_column type=\u00bb1_3&#8243; _builder_version=\u00bb4.17.1&#8243; _module_preset=\u00bbdefault\u00bb global_colors_info=\u00bb{}\u00bb][et_pb_image src=\u00bbhttps:\/\/primitivabarba.com\/wp-content\/uploads\/2021\/01\/0b7228b6-e453-4308-bbb9-a04f15385b97-225&#215;300-1.jpg\u00bb title_text=\u00bb0b7228b6-e453-4308-bbb9-a04f15385b97-225&#215;300&#8243; align=\u00bbcenter\u00bb _builder_version=\u00bb4.17.1&#8243; _module_preset=\u00bbdefault\u00bb global_colors_info=\u00bb{}\u00bb][\/et_pb_image][\/et_pb_column][et_pb_column type=\u00bb1_3&#8243; _builder_version=\u00bb4.17.1&#8243; _module_preset=\u00bbdefault\u00bb global_colors_info=\u00bb{}\u00bb][et_pb_image src=\u00bbhttps:\/\/primitivabarba.com\/wp-content\/uploads\/2021\/01\/4dc47c7a-45f7-4891-8664-1c0d8c99f323-300&#215;290-1.jpg\u00bb title_text=\u00bb4dc47c7a-45f7-4891-8664-1c0d8c99f323-300&#215;290&#8243; align=\u00bbcenter\u00bb _builder_version=\u00bb4.17.1&#8243; _module_preset=\u00bbdefault\u00bb global_colors_info=\u00bb{}\u00bb][\/et_pb_image][\/et_pb_column][et_pb_column type=\u00bb1_3&#8243; _builder_version=\u00bb4.17.1&#8243; _module_preset=\u00bbdefault\u00bb global_colors_info=\u00bb{}\u00bb][et_pb_image src=\u00bbhttps:\/\/primitivabarba.com\/wp-content\/uploads\/2021\/01\/f4512a5a-7efa-4871-994c-dbd6bdaf092f-225&#215;300-1.jpg\u00bb title_text=\u00bbf4512a5a-7efa-4871-994c-dbd6bdaf092f-225&#215;300&#8243; align=\u00bbcenter\u00bb _builder_version=\u00bb4.17.1&#8243; _module_preset=\u00bbdefault\u00bb global_colors_info=\u00bb{}\u00bb][\/et_pb_image][\/et_pb_column][\/et_pb_row][\/et_pb_section]\n","protected":false},"excerpt":{"rendered":"<p>Veinti\u00fan d\u00edas despu\u00e9s de la primera dosis, el pasado jueves 28 de enero, se administr\u00f3 a residentes y trabajadores del Centro Residencial Primitiva Barba la segunda dosis de la vacuna Pfizer contra la Covid-19.<\/p>","protected":false},"author":1,"featured_media":5615,"comment_status":"closed","ping_status":"closed","sticky":false,"template":"","format":"standard","meta":{"_et_pb_use_builder":"on","_et_pb_old_content":"","_et_gb_content_width":"1080","footnotes":""},"categories":[1],"tags":[],"class_list":["post-5612","post","type-post","status-publish","format-standard","has-post-thumbnail","hentry","category-uncategorized"],"yoast_head":"<!-- This site is optimized with the Yoast SEO plugin v28.3 - https:\/\/yoast.com\/product\/yoast-seo-wordpress\/ -->\n<title>S&#039;administra la segona dosi de la vacuna Pfizer a residents i treballadors - Primitiva Barba<\/title>\n<meta name=\"robots\" content=\"index, follow, max-snippet:-1, max-image-preview:large, max-video-preview:-1\" \/>\n<link rel=\"canonical\" href=\"https:\/\/primitivabarba.com\/esp\/se-administra-la-segunda-dosis-de-la-vacuna-pfizer-a-residentes-y-trabajadores\/\" \/>\n<meta property=\"og:locale\" content=\"es_ES\" \/>\n<meta property=\"og:type\" content=\"article\" \/>\n<meta property=\"og:title\" content=\"S&#039;administra la segona dosi de la vacuna Pfizer a residents i treballadors - Primitiva Barba\" \/>\n<meta property=\"og:description\" content=\"Vint-i-un dies despr\u00e9s de la primera dosi, dijous passat 28 de gener, es va administrar a residents i treballadors del Centre Residencial Primitiva Barba la segona dosi de la vacuna\u00a0Pfizer\u00a0contra la Covid-19.\" \/>\n<meta property=\"og:url\" content=\"https:\/\/primitivabarba.com\/esp\/se-administra-la-segunda-dosis-de-la-vacuna-pfizer-a-residentes-y-trabajadores\/\" \/>\n<meta property=\"og:site_name\" content=\"Primitiva Barba\" \/>\n<meta property=\"article:publisher\" content=\"https:\/\/www.facebook.com\/profile.php?id=100089739648754\" \/>\n<meta property=\"article:published_time\" content=\"2021-01-29T10:52:00+00:00\" \/>\n<meta property=\"article:modified_time\" content=\"2024-08-21T22:40:04+00:00\" \/>\n<meta property=\"og:image\" content=\"https:\/\/primitivabarba.com\/wp-content\/uploads\/2021\/01\/4dc47c7a-45f7-4891-8664-1c0d8c99f323-300x290-1.jpg\" \/>\n\t<meta property=\"og:image:width\" content=\"300\" \/>\n\t<meta property=\"og:image:height\" content=\"290\" \/>\n\t<meta property=\"og:image:type\" content=\"image\/jpeg\" \/>\n<meta name=\"author\" content=\"assisoft\" \/>\n<meta name=\"twitter:card\" content=\"summary_large_image\" \/>\n<meta name=\"twitter:label1\" content=\"Escrito por\" \/>\n\t<meta name=\"twitter:data1\" content=\"assisoft\" \/>\n\t<meta name=\"twitter:label2\" content=\"Tiempo de lectura\" \/>\n\t<meta name=\"twitter:data2\" content=\"2 minutos\" \/>\n<script type=\"application\/ld+json\" class=\"yoast-schema-graph\">{\"@context\":\"https:\\\/\\\/schema.org\",\"@graph\":[{\"@type\":\"Article\",\"@id\":\"https:\\\/\\\/primitivabarba.com\\\/sadministra-la-segona-dosi-de-la-vacuna-pfizer-a-residents-i-treballadors\\\/#article\",\"isPartOf\":{\"@id\":\"https:\\\/\\\/primitivabarba.com\\\/sadministra-la-segona-dosi-de-la-vacuna-pfizer-a-residents-i-treballadors\\\/\"},\"author\":{\"name\":\"assisoft\",\"@id\":\"https:\\\/\\\/primitivabarba.com\\\/#\\\/schema\\\/person\\\/22c84df87e501c58e1086052ac9913b6\"},\"headline\":\"S&#8217;administra la segona dosi de la vacuna Pfizer a residents i treballadors\",\"datePublished\":\"2021-01-29T10:52:00+00:00\",\"dateModified\":\"2024-08-21T22:40:04+00:00\",\"mainEntityOfPage\":{\"@id\":\"https:\\\/\\\/primitivabarba.com\\\/sadministra-la-segona-dosi-de-la-vacuna-pfizer-a-residents-i-treballadors\\\/\"},\"wordCount\":433,\"publisher\":{\"@id\":\"https:\\\/\\\/primitivabarba.com\\\/#organization\"},\"image\":{\"@id\":\"https:\\\/\\\/primitivabarba.com\\\/sadministra-la-segona-dosi-de-la-vacuna-pfizer-a-residents-i-treballadors\\\/#primaryimage\"},\"thumbnailUrl\":\"https:\\\/\\\/primitivabarba.com\\\/wp-content\\\/uploads\\\/2021\\\/01\\\/4dc47c7a-45f7-4891-8664-1c0d8c99f323-300x290-1.jpg\",\"articleSection\":[\"Uncategorized\"],\"inLanguage\":\"es\"},{\"@type\":\"WebPage\",\"@id\":\"https:\\\/\\\/primitivabarba.com\\\/sadministra-la-segona-dosi-de-la-vacuna-pfizer-a-residents-i-treballadors\\\/\",\"url\":\"https:\\\/\\\/primitivabarba.com\\\/sadministra-la-segona-dosi-de-la-vacuna-pfizer-a-residents-i-treballadors\\\/\",\"name\":\"S'administra la segona dosi de la vacuna Pfizer a residents i treballadors - Primitiva Barba\",\"isPartOf\":{\"@id\":\"https:\\\/\\\/primitivabarba.com\\\/#website\"},\"primaryImageOfPage\":{\"@id\":\"https:\\\/\\\/primitivabarba.com\\\/sadministra-la-segona-dosi-de-la-vacuna-pfizer-a-residents-i-treballadors\\\/#primaryimage\"},\"image\":{\"@id\":\"https:\\\/\\\/primitivabarba.com\\\/sadministra-la-segona-dosi-de-la-vacuna-pfizer-a-residents-i-treballadors\\\/#primaryimage\"},\"thumbnailUrl\":\"https:\\\/\\\/primitivabarba.com\\\/wp-content\\\/uploads\\\/2021\\\/01\\\/4dc47c7a-45f7-4891-8664-1c0d8c99f323-300x290-1.jpg\",\"datePublished\":\"2021-01-29T10:52:00+00:00\",\"dateModified\":\"2024-08-21T22:40:04+00:00\",\"breadcrumb\":{\"@id\":\"https:\\\/\\\/primitivabarba.com\\\/sadministra-la-segona-dosi-de-la-vacuna-pfizer-a-residents-i-treballadors\\\/#breadcrumb\"},\"inLanguage\":\"es\",\"potentialAction\":[{\"@type\":\"ReadAction\",\"target\":[\"https:\\\/\\\/primitivabarba.com\\\/sadministra-la-segona-dosi-de-la-vacuna-pfizer-a-residents-i-treballadors\\\/\"]}]},{\"@type\":\"ImageObject\",\"inLanguage\":\"es\",\"@id\":\"https:\\\/\\\/primitivabarba.com\\\/sadministra-la-segona-dosi-de-la-vacuna-pfizer-a-residents-i-treballadors\\\/#primaryimage\",\"url\":\"https:\\\/\\\/primitivabarba.com\\\/wp-content\\\/uploads\\\/2021\\\/01\\\/4dc47c7a-45f7-4891-8664-1c0d8c99f323-300x290-1.jpg\",\"contentUrl\":\"https:\\\/\\\/primitivabarba.com\\\/wp-content\\\/uploads\\\/2021\\\/01\\\/4dc47c7a-45f7-4891-8664-1c0d8c99f323-300x290-1.jpg\",\"width\":300,\"height\":290},{\"@type\":\"BreadcrumbList\",\"@id\":\"https:\\\/\\\/primitivabarba.com\\\/sadministra-la-segona-dosi-de-la-vacuna-pfizer-a-residents-i-treballadors\\\/#breadcrumb\",\"itemListElement\":[{\"@type\":\"ListItem\",\"position\":1,\"name\":\"Inici\",\"item\":\"https:\\\/\\\/primitivabarba.com\\\/\"},{\"@type\":\"ListItem\",\"position\":2,\"name\":\"S&#8217;administra la segona dosi de la vacuna Pfizer a residents i treballadors\"}]},{\"@type\":\"WebSite\",\"@id\":\"https:\\\/\\\/primitivabarba.com\\\/#website\",\"url\":\"https:\\\/\\\/primitivabarba.com\\\/\",\"name\":\"Primitiva Barba\",\"description\":\"Centre Residencial per a gent gran\",\"publisher\":{\"@id\":\"https:\\\/\\\/primitivabarba.com\\\/#organization\"},\"inLanguage\":\"es\"},{\"@type\":\"Organization\",\"@id\":\"https:\\\/\\\/primitivabarba.com\\\/#organization\",\"name\":\"Primitiva Barba\",\"url\":\"https:\\\/\\\/primitivabarba.com\\\/\",\"logo\":{\"@type\":\"ImageObject\",\"inLanguage\":\"es\",\"@id\":\"https:\\\/\\\/primitivabarba.com\\\/#\\\/schema\\\/logo\\\/image\\\/\",\"url\":\"https:\\\/\\\/primitivabarba.com\\\/wp-content\\\/uploads\\\/2024\\\/05\\\/image5.png\",\"contentUrl\":\"https:\\\/\\\/primitivabarba.com\\\/wp-content\\\/uploads\\\/2024\\\/05\\\/image5.png\",\"width\":1168,\"height\":1168,\"caption\":\"Primitiva Barba\"},\"image\":{\"@id\":\"https:\\\/\\\/primitivabarba.com\\\/#\\\/schema\\\/logo\\\/image\\\/\"},\"sameAs\":[\"https:\\\/\\\/www.facebook.com\\\/profile.php?id=100089739648754\",\"https:\\\/\\\/www.instagram.com\\\/primitivabarba\\\/\"]},{\"@type\":\"Person\",\"@id\":\"https:\\\/\\\/primitivabarba.com\\\/#\\\/schema\\\/person\\\/22c84df87e501c58e1086052ac9913b6\",\"name\":\"assisoft\",\"image\":{\"@type\":\"ImageObject\",\"inLanguage\":\"es\",\"@id\":\"https:\\\/\\\/primitivabarba.com\\\/wp-content\\\/litespeed\\\/avatar\\\/0ee51eaac491861c051954dde15c2d6e.jpg?ver=1787930553\",\"url\":\"https:\\\/\\\/primitivabarba.com\\\/wp-content\\\/litespeed\\\/avatar\\\/0ee51eaac491861c051954dde15c2d6e.jpg?ver=1787930553\",\"contentUrl\":\"https:\\\/\\\/primitivabarba.com\\\/wp-content\\\/litespeed\\\/avatar\\\/0ee51eaac491861c051954dde15c2d6e.jpg?ver=1787930553\",\"caption\":\"assisoft\"},\"sameAs\":[\"https:\\\/\\\/primitivabarba.com\"]}]}<\/script>\n<!-- \/ Yoast SEO plugin. -->","yoast_head_json":{"title":"Se administra la segunda dosis de la vacuna Pfizer a residentes y trabajadores - Primitiva Barba","robots":{"index":"index","follow":"follow","max-snippet":"max-snippet:-1","max-image-preview":"max-image-preview:large","max-video-preview":"max-video-preview:-1"},"canonical":"https:\/\/primitivabarba.com\/esp\/se-administra-la-segunda-dosis-de-la-vacuna-pfizer-a-residentes-y-trabajadores\/","og_locale":"es_ES","og_type":"article","og_title":"S'administra la segona dosi de la vacuna Pfizer a residents i treballadors - Primitiva Barba","og_description":"Vint-i-un dies despr\u00e9s de la primera dosi, dijous passat 28 de gener, es va administrar a residents i treballadors del Centre Residencial Primitiva Barba la segona dosi de la vacuna\u00a0Pfizer\u00a0contra la Covid-19.","og_url":"https:\/\/primitivabarba.com\/esp\/se-administra-la-segunda-dosis-de-la-vacuna-pfizer-a-residentes-y-trabajadores\/","og_site_name":"Primitiva Barba","article_publisher":"https:\/\/www.facebook.com\/profile.php?id=100089739648754","article_published_time":"2021-01-29T10:52:00+00:00","article_modified_time":"2024-08-21T22:40:04+00:00","og_image":[{"width":300,"height":290,"url":"https:\/\/primitivabarba.com\/wp-content\/uploads\/2021\/01\/4dc47c7a-45f7-4891-8664-1c0d8c99f323-300x290-1.jpg","type":"image\/jpeg"}],"author":"assisoft","twitter_card":"summary_large_image","twitter_misc":{"Escrito por":"assisoft","Tiempo de lectura":"2 minutos"},"schema":{"@context":"https:\/\/schema.org","@graph":[{"@type":"Article","@id":"https:\/\/primitivabarba.com\/sadministra-la-segona-dosi-de-la-vacuna-pfizer-a-residents-i-treballadors\/#article","isPartOf":{"@id":"https:\/\/primitivabarba.com\/sadministra-la-segona-dosi-de-la-vacuna-pfizer-a-residents-i-treballadors\/"},"author":{"name":"assisoft","@id":"https:\/\/primitivabarba.com\/#\/schema\/person\/22c84df87e501c58e1086052ac9913b6"},"headline":"S&#8217;administra la segona dosi de la vacuna Pfizer a residents i treballadors","datePublished":"2021-01-29T10:52:00+00:00","dateModified":"2024-08-21T22:40:04+00:00","mainEntityOfPage":{"@id":"https:\/\/primitivabarba.com\/sadministra-la-segona-dosi-de-la-vacuna-pfizer-a-residents-i-treballadors\/"},"wordCount":433,"publisher":{"@id":"https:\/\/primitivabarba.com\/#organization"},"image":{"@id":"https:\/\/primitivabarba.com\/sadministra-la-segona-dosi-de-la-vacuna-pfizer-a-residents-i-treballadors\/#primaryimage"},"thumbnailUrl":"https:\/\/primitivabarba.com\/wp-content\/uploads\/2021\/01\/4dc47c7a-45f7-4891-8664-1c0d8c99f323-300x290-1.jpg","articleSection":["Uncategorized"],"inLanguage":"es"},{"@type":"WebPage","@id":"https:\/\/primitivabarba.com\/sadministra-la-segona-dosi-de-la-vacuna-pfizer-a-residents-i-treballadors\/","url":"https:\/\/primitivabarba.com\/sadministra-la-segona-dosi-de-la-vacuna-pfizer-a-residents-i-treballadors\/","name":"Se administra la segunda dosis de la vacuna Pfizer a residentes y trabajadores - Primitiva Barba","isPartOf":{"@id":"https:\/\/primitivabarba.com\/#website"},"primaryImageOfPage":{"@id":"https:\/\/primitivabarba.com\/sadministra-la-segona-dosi-de-la-vacuna-pfizer-a-residents-i-treballadors\/#primaryimage"},"image":{"@id":"https:\/\/primitivabarba.com\/sadministra-la-segona-dosi-de-la-vacuna-pfizer-a-residents-i-treballadors\/#primaryimage"},"thumbnailUrl":"https:\/\/primitivabarba.com\/wp-content\/uploads\/2021\/01\/4dc47c7a-45f7-4891-8664-1c0d8c99f323-300x290-1.jpg","datePublished":"2021-01-29T10:52:00+00:00","dateModified":"2024-08-21T22:40:04+00:00","breadcrumb":{"@id":"https:\/\/primitivabarba.com\/sadministra-la-segona-dosi-de-la-vacuna-pfizer-a-residents-i-treballadors\/#breadcrumb"},"inLanguage":"es","potentialAction":[{"@type":"ReadAction","target":["https:\/\/primitivabarba.com\/sadministra-la-segona-dosi-de-la-vacuna-pfizer-a-residents-i-treballadors\/"]}]},{"@type":"ImageObject","inLanguage":"es","@id":"https:\/\/primitivabarba.com\/sadministra-la-segona-dosi-de-la-vacuna-pfizer-a-residents-i-treballadors\/#primaryimage","url":"https:\/\/primitivabarba.com\/wp-content\/uploads\/2021\/01\/4dc47c7a-45f7-4891-8664-1c0d8c99f323-300x290-1.jpg","contentUrl":"https:\/\/primitivabarba.com\/wp-content\/uploads\/2021\/01\/4dc47c7a-45f7-4891-8664-1c0d8c99f323-300x290-1.jpg","width":300,"height":290},{"@type":"BreadcrumbList","@id":"https:\/\/primitivabarba.com\/sadministra-la-segona-dosi-de-la-vacuna-pfizer-a-residents-i-treballadors\/#breadcrumb","itemListElement":[{"@type":"ListItem","position":1,"name":"Inici","item":"https:\/\/primitivabarba.com\/"},{"@type":"ListItem","position":2,"name":"S&#8217;administra la segona dosi de la vacuna Pfizer a residents i treballadors"}]},{"@type":"WebSite","@id":"https:\/\/primitivabarba.com\/#website","url":"https:\/\/primitivabarba.com\/","name":"Primitiva Barba","description":"Centro Residencial para personas mayores","publisher":{"@id":"https:\/\/primitivabarba.com\/#organization"},"inLanguage":"es"},{"@type":"Organization","@id":"https:\/\/primitivabarba.com\/#organization","name":"Primitiva Barba","url":"https:\/\/primitivabarba.com\/","logo":{"@type":"ImageObject","inLanguage":"es","@id":"https:\/\/primitivabarba.com\/#\/schema\/logo\/image\/","url":"https:\/\/primitivabarba.com\/wp-content\/uploads\/2024\/05\/image5.png","contentUrl":"https:\/\/primitivabarba.com\/wp-content\/uploads\/2024\/05\/image5.png","width":1168,"height":1168,"caption":"Primitiva Barba"},"image":{"@id":"https:\/\/primitivabarba.com\/#\/schema\/logo\/image\/"},"sameAs":["https:\/\/www.facebook.com\/profile.php?id=100089739648754","https:\/\/www.instagram.com\/primitivabarba\/"]},{"@type":"Person","@id":"https:\/\/primitivabarba.com\/#\/schema\/person\/22c84df87e501c58e1086052ac9913b6","name":"assisoft","image":{"@type":"ImageObject","inLanguage":"es","@id":"https:\/\/primitivabarba.com\/wp-content\/litespeed\/avatar\/0ee51eaac491861c051954dde15c2d6e.jpg?ver=1787930553","url":"https:\/\/primitivabarba.com\/wp-content\/litespeed\/avatar\/0ee51eaac491861c051954dde15c2d6e.jpg?ver=1787930553","contentUrl":"https:\/\/primitivabarba.com\/wp-content\/litespeed\/avatar\/0ee51eaac491861c051954dde15c2d6e.jpg?ver=1787930553","caption":"assisoft"},"sameAs":["https:\/\/primitivabarba.com"]}]}},"_links":{"self":[{"href":"https:\/\/primitivabarba.com\/esp\/wp-json\/wp\/v2\/posts\/5612","targetHints":{"allow":["GET"]}}],"collection":[{"href":"https:\/\/primitivabarba.com\/esp\/wp-json\/wp\/v2\/posts"}],"about":[{"href":"https:\/\/primitivabarba.com\/esp\/wp-json\/wp\/v2\/types\/post"}],"author":[{"embeddable":true,"href":"https:\/\/primitivabarba.com\/esp\/wp-json\/wp\/v2\/users\/1"}],"replies":[{"embeddable":true,"href":"https:\/\/primitivabarba.com\/esp\/wp-json\/wp\/v2\/comments?post=5612"}],"version-history":[{"count":5,"href":"https:\/\/primitivabarba.com\/esp\/wp-json\/wp\/v2\/posts\/5612\/revisions"}],"predecessor-version":[{"id":6549,"href":"https:\/\/primitivabarba.com\/esp\/wp-json\/wp\/v2\/posts\/5612\/revisions\/6549"}],"wp:featuredmedia":[{"embeddable":true,"href":"https:\/\/primitivabarba.com\/esp\/wp-json\/wp\/v2\/media\/5615"}],"wp:attachment":[{"href":"https:\/\/primitivabarba.com\/esp\/wp-json\/wp\/v2\/media?parent=5612"}],"wp:term":[{"taxonomy":"category","embeddable":true,"href":"https:\/\/primitivabarba.com\/esp\/wp-json\/wp\/v2\/categories?post=5612"},{"taxonomy":"post_tag","embeddable":true,"href":"https:\/\/primitivabarba.com\/esp\/wp-json\/wp\/v2\/tags?post=5612"}],"curies":[{"name":"wp","href":"https:\/\/api.w.org\/{rel}","templated":true}]}}