{"id":5567,"date":"2022-06-15T12:38:00","date_gmt":"2022-06-15T12:38:00","guid":{"rendered":"https:\/\/primitivabarba.com\/?p=5567"},"modified":"2022-12-14T10:35:15","modified_gmt":"2022-12-14T10:35:15","slug":"15-de-junio-dia-mundial-de-la-toma-de-conciencia-del-abuso-y-maltrato-en-la-vejez","status":"publish","type":"post","link":"https:\/\/primitivabarba.com\/esp\/15-de-junio-dia-mundial-de-la-toma-de-conciencia-del-abuso-y-maltrato-en-la-vejez\/","title":{"rendered":"15 de junio, D\u00eda Mundial de la Toma de Conciencia del Abuso y Maltrato en la Vejez"},"content":{"rendered":"<p>[et_pb_section fb_built=\u00bb1&#8243; _builder_version=\u00bb4.17.1&#8243; _module_preset=\u00bbdefault\u00bb global_colors_info=\u00bb{}\u00bb][et_pb_row _builder_version=\u00bb4.17.1&#8243; _module_preset=\u00bbdefault\u00bb global_colors_info=\u00bb{}\u00bb][et_pb_column type=\u00bb4_4&#8243; _builder_version=\u00bb4.17.1&#8243; _module_preset=\u00bbdefault\u00bb global_colors_info=\u00bb{}\u00bb][et_pb_image src=\u00bbhttps:\/\/primitivabarba.com\/wp-content\/uploads\/2022\/12\/manifiesto.jpg\u00bb title_text=\u00bbmanifiesto\u00bb _builder_version=\u00bb4.17.1&#8243; _module_preset=\u00bbdefault\u00bb global_colors_info=\u00bb{}\u00bb][\/et_pb_image][\/et_pb_column][\/et_pb_row][et_pb_row _builder_version=\u00bb4.17.1&#8243; _module_preset=\u00bbdefault\u00bb global_colors_info=\u00bb{}\u00bb][et_pb_column type=\u00bb4_4&#8243; _builder_version=\u00bb4.17.1&#8243; _module_preset=\u00bbdefault\u00bb global_colors_info=\u00bb{}\u00bb][et_pb_text _builder_version=\u00bb4.17.1&#8243; _module_preset=\u00bbdefault\u00bb text_font=\u00bbRubik|300|||||||\u00bb header_font=\u00bbRubik||||||||\u00bb header_font_size=\u00bb40px\u00bb global_colors_info=\u00bb{}\u00bb]<\/p>\n<h1>15 de juny, Dia Mundial de la Presa de Consci\u00e8ncia de l&#8217;Ab\u00fas i Maltractament a la Vellesa<\/h1>\n<p>&nbsp;<\/p>\n<p>El Centre Residencial Primitiva Barba col\u00b7labora un any m\u00e9s amb l&#8217;Ajuntament de Sant Vicen\u00e7 d&#8217;Horts per donar veu al Dia Mundial de la Presa de Consci\u00e8ncia de l&#8217;Ab\u00fas i Maltractament a la Vellesa. Hem estat compartint i debatent el manifest que ens ha fet arribar Mireia Verges la Regidora de la Gent Gran.[\/et_pb_text][\/et_pb_column][\/et_pb_row][\/et_pb_section]<\/p>\n","protected":false},"excerpt":{"rendered":"<p>El Centro Residencial Primitiva Barba colabora un a\u00f1o m\u00e1s con el Ayuntamiento de Sant Vicen\u00e7 d&#039;Horts para dar voz al D\u00eda Mundial de la Toma de Conciencia del Abuso y Maltrato en la Vejez. Hemos estado compartiendo y debatiendo el manifiesto que nos ha hecho llegar Mireia Verges la Concejala de las Personas Mayores.<\/p>","protected":false},"author":1,"featured_media":5568,"comment_status":"closed","ping_status":"closed","sticky":false,"template":"","format":"standard","meta":{"_et_pb_use_builder":"on","_et_pb_old_content":"","_et_gb_content_width":"1080","footnotes":""},"categories":[1],"tags":[],"class_list":["post-5567","post","type-post","status-publish","format-standard","has-post-thumbnail","hentry","category-uncategorized"],"yoast_head":"<!-- This site is optimized with the Yoast SEO plugin v28.4 - https:\/\/yoast.com\/product\/yoast-seo-wordpress\/ -->\n<title>15 de juny, Dia Mundial de la Presa de Consci\u00e8ncia de l&#039;Ab\u00fas i Maltractament a la Vellesa - Primitiva Barba<\/title>\n<meta name=\"robots\" content=\"index, follow, max-snippet:-1, max-image-preview:large, max-video-preview:-1\" \/>\n<link rel=\"canonical\" href=\"https:\/\/primitivabarba.com\/esp\/15-de-junio-dia-mundial-de-la-toma-de-conciencia-del-abuso-y-maltrato-en-la-vejez\/\" \/>\n<meta property=\"og:locale\" content=\"es_ES\" \/>\n<meta property=\"og:type\" content=\"article\" \/>\n<meta property=\"og:title\" content=\"15 de juny, Dia Mundial de la Presa de Consci\u00e8ncia de l&#039;Ab\u00fas i Maltractament a la Vellesa - Primitiva Barba\" \/>\n<meta property=\"og:description\" content=\"El Centre Residencial Primitiva Barba col\u00b7labora un any m\u00e9s amb l\u2019Ajuntament de Sant Vicen\u00e7 d\u2019Horts per donar veu al Dia Mundial de la Presa de Consci\u00e8ncia de l\u2019Ab\u00fas i Maltractament a la Vellesa. Hem estat compartint i debatent el manifest que ens ha fet arribar Mireia Verges la Regidora de la Gent Gran.\" \/>\n<meta property=\"og:url\" content=\"https:\/\/primitivabarba.com\/esp\/15-de-junio-dia-mundial-de-la-toma-de-conciencia-del-abuso-y-maltrato-en-la-vejez\/\" \/>\n<meta property=\"og:site_name\" content=\"Primitiva Barba\" \/>\n<meta property=\"article:publisher\" content=\"https:\/\/www.facebook.com\/profile.php?id=100089739648754\" \/>\n<meta property=\"article:published_time\" content=\"2022-06-15T12:38:00+00:00\" \/>\n<meta property=\"article:modified_time\" content=\"2022-12-14T10:35:15+00:00\" \/>\n<meta property=\"og:image\" content=\"https:\/\/primitivabarba.com\/wp-content\/uploads\/2022\/12\/manifiesto.jpg\" \/>\n\t<meta property=\"og:image:width\" content=\"1000\" \/>\n\t<meta property=\"og:image:height\" content=\"1336\" \/>\n\t<meta property=\"og:image:type\" content=\"image\/jpeg\" \/>\n<meta name=\"author\" content=\"assisoft\" \/>\n<meta name=\"twitter:card\" content=\"summary_large_image\" \/>\n<meta name=\"twitter:label1\" content=\"Escrito por\" \/>\n\t<meta name=\"twitter:data1\" content=\"assisoft\" \/>\n\t<meta name=\"twitter:label2\" content=\"Tiempo de lectura\" \/>\n\t<meta name=\"twitter:data2\" content=\"1 minuto\" \/>\n<script type=\"application\/ld+json\" class=\"yoast-schema-graph\">{\"@context\":\"https:\\\/\\\/schema.org\",\"@graph\":[{\"@type\":\"Article\",\"@id\":\"https:\\\/\\\/primitivabarba.com\\\/15-de-junio-dia-mundial-de-la-toma-de-conciencia-del-abuso-y-maltrato-en-la-vejez\\\/#article\",\"isPartOf\":{\"@id\":\"https:\\\/\\\/primitivabarba.com\\\/15-de-junio-dia-mundial-de-la-toma-de-conciencia-del-abuso-y-maltrato-en-la-vejez\\\/\"},\"author\":{\"name\":\"assisoft\",\"@id\":\"https:\\\/\\\/primitivabarba.com\\\/#\\\/schema\\\/person\\\/22c84df87e501c58e1086052ac9913b6\"},\"headline\":\"15 de juny, Dia Mundial de la Presa de Consci\u00e8ncia de l&#8217;Ab\u00fas i Maltractament a la Vellesa\",\"datePublished\":\"2022-06-15T12:38:00+00:00\",\"dateModified\":\"2022-12-14T10:35:15+00:00\",\"mainEntityOfPage\":{\"@id\":\"https:\\\/\\\/primitivabarba.com\\\/15-de-junio-dia-mundial-de-la-toma-de-conciencia-del-abuso-y-maltrato-en-la-vejez\\\/\"},\"wordCount\":222,\"publisher\":{\"@id\":\"https:\\\/\\\/primitivabarba.com\\\/#organization\"},\"image\":{\"@id\":\"https:\\\/\\\/primitivabarba.com\\\/15-de-junio-dia-mundial-de-la-toma-de-conciencia-del-abuso-y-maltrato-en-la-vejez\\\/#primaryimage\"},\"thumbnailUrl\":\"https:\\\/\\\/primitivabarba.com\\\/wp-content\\\/uploads\\\/2022\\\/12\\\/manifiesto.jpg\",\"articleSection\":[\"Uncategorized\"],\"inLanguage\":\"es\"},{\"@type\":\"WebPage\",\"@id\":\"https:\\\/\\\/primitivabarba.com\\\/15-de-junio-dia-mundial-de-la-toma-de-conciencia-del-abuso-y-maltrato-en-la-vejez\\\/\",\"url\":\"https:\\\/\\\/primitivabarba.com\\\/15-de-junio-dia-mundial-de-la-toma-de-conciencia-del-abuso-y-maltrato-en-la-vejez\\\/\",\"name\":\"15 de juny, Dia Mundial de la Presa de Consci\u00e8ncia de l'Ab\u00fas i Maltractament a la Vellesa - Primitiva Barba\",\"isPartOf\":{\"@id\":\"https:\\\/\\\/primitivabarba.com\\\/#website\"},\"primaryImageOfPage\":{\"@id\":\"https:\\\/\\\/primitivabarba.com\\\/15-de-junio-dia-mundial-de-la-toma-de-conciencia-del-abuso-y-maltrato-en-la-vejez\\\/#primaryimage\"},\"image\":{\"@id\":\"https:\\\/\\\/primitivabarba.com\\\/15-de-junio-dia-mundial-de-la-toma-de-conciencia-del-abuso-y-maltrato-en-la-vejez\\\/#primaryimage\"},\"thumbnailUrl\":\"https:\\\/\\\/primitivabarba.com\\\/wp-content\\\/uploads\\\/2022\\\/12\\\/manifiesto.jpg\",\"datePublished\":\"2022-06-15T12:38:00+00:00\",\"dateModified\":\"2022-12-14T10:35:15+00:00\",\"breadcrumb\":{\"@id\":\"https:\\\/\\\/primitivabarba.com\\\/15-de-junio-dia-mundial-de-la-toma-de-conciencia-del-abuso-y-maltrato-en-la-vejez\\\/#breadcrumb\"},\"inLanguage\":\"es\",\"potentialAction\":[{\"@type\":\"ReadAction\",\"target\":[\"https:\\\/\\\/primitivabarba.com\\\/15-de-junio-dia-mundial-de-la-toma-de-conciencia-del-abuso-y-maltrato-en-la-vejez\\\/\"]}]},{\"@type\":\"ImageObject\",\"inLanguage\":\"es\",\"@id\":\"https:\\\/\\\/primitivabarba.com\\\/15-de-junio-dia-mundial-de-la-toma-de-conciencia-del-abuso-y-maltrato-en-la-vejez\\\/#primaryimage\",\"url\":\"https:\\\/\\\/primitivabarba.com\\\/wp-content\\\/uploads\\\/2022\\\/12\\\/manifiesto.jpg\",\"contentUrl\":\"https:\\\/\\\/primitivabarba.com\\\/wp-content\\\/uploads\\\/2022\\\/12\\\/manifiesto.jpg\",\"width\":1000,\"height\":1336},{\"@type\":\"BreadcrumbList\",\"@id\":\"https:\\\/\\\/primitivabarba.com\\\/15-de-junio-dia-mundial-de-la-toma-de-conciencia-del-abuso-y-maltrato-en-la-vejez\\\/#breadcrumb\",\"itemListElement\":[{\"@type\":\"ListItem\",\"position\":1,\"name\":\"Inici\",\"item\":\"https:\\\/\\\/primitivabarba.com\\\/\"},{\"@type\":\"ListItem\",\"position\":2,\"name\":\"15 de juny, Dia Mundial de la Presa de Consci\u00e8ncia de l&#8217;Ab\u00fas i Maltractament a la Vellesa\"}]},{\"@type\":\"WebSite\",\"@id\":\"https:\\\/\\\/primitivabarba.com\\\/#website\",\"url\":\"https:\\\/\\\/primitivabarba.com\\\/\",\"name\":\"Primitiva Barba\",\"description\":\"Centre Residencial per a gent gran\",\"publisher\":{\"@id\":\"https:\\\/\\\/primitivabarba.com\\\/#organization\"},\"inLanguage\":\"es\"},{\"@type\":\"Organization\",\"@id\":\"https:\\\/\\\/primitivabarba.com\\\/#organization\",\"name\":\"Primitiva Barba\",\"url\":\"https:\\\/\\\/primitivabarba.com\\\/\",\"logo\":{\"@type\":\"ImageObject\",\"inLanguage\":\"es\",\"@id\":\"https:\\\/\\\/primitivabarba.com\\\/#\\\/schema\\\/logo\\\/image\\\/\",\"url\":\"https:\\\/\\\/primitivabarba.com\\\/wp-content\\\/uploads\\\/2024\\\/05\\\/image5.png\",\"contentUrl\":\"https:\\\/\\\/primitivabarba.com\\\/wp-content\\\/uploads\\\/2024\\\/05\\\/image5.png\",\"width\":1168,\"height\":1168,\"caption\":\"Primitiva Barba\"},\"image\":{\"@id\":\"https:\\\/\\\/primitivabarba.com\\\/#\\\/schema\\\/logo\\\/image\\\/\"},\"sameAs\":[\"https:\\\/\\\/www.facebook.com\\\/profile.php?id=100089739648754\",\"https:\\\/\\\/www.instagram.com\\\/primitivabarba\\\/\"]},{\"@type\":\"Person\",\"@id\":\"https:\\\/\\\/primitivabarba.com\\\/#\\\/schema\\\/person\\\/22c84df87e501c58e1086052ac9913b6\",\"name\":\"assisoft\",\"image\":{\"@type\":\"ImageObject\",\"inLanguage\":\"es\",\"@id\":\"https:\\\/\\\/primitivabarba.com\\\/wp-content\\\/litespeed\\\/avatar\\\/0ee51eaac491861c051954dde15c2d6e.jpg?ver=1787930553\",\"url\":\"https:\\\/\\\/primitivabarba.com\\\/wp-content\\\/litespeed\\\/avatar\\\/0ee51eaac491861c051954dde15c2d6e.jpg?ver=1787930553\",\"contentUrl\":\"https:\\\/\\\/primitivabarba.com\\\/wp-content\\\/litespeed\\\/avatar\\\/0ee51eaac491861c051954dde15c2d6e.jpg?ver=1787930553\",\"caption\":\"assisoft\"},\"sameAs\":[\"https:\\\/\\\/primitivabarba.com\"]}]}<\/script>\n<!-- \/ Yoast SEO plugin. -->","yoast_head_json":{"title":"15 de junio, D\u00eda Mundial de la Toma de Conciencia del Abuso y Maltrato en la Vejez - Primitiva Barba","robots":{"index":"index","follow":"follow","max-snippet":"max-snippet:-1","max-image-preview":"max-image-preview:large","max-video-preview":"max-video-preview:-1"},"canonical":"https:\/\/primitivabarba.com\/esp\/15-de-junio-dia-mundial-de-la-toma-de-conciencia-del-abuso-y-maltrato-en-la-vejez\/","og_locale":"es_ES","og_type":"article","og_title":"15 de juny, Dia Mundial de la Presa de Consci\u00e8ncia de l'Ab\u00fas i Maltractament a la Vellesa - Primitiva Barba","og_description":"El Centre Residencial Primitiva Barba col\u00b7labora un any m\u00e9s amb l\u2019Ajuntament de Sant Vicen\u00e7 d\u2019Horts per donar veu al Dia Mundial de la Presa de Consci\u00e8ncia de l\u2019Ab\u00fas i Maltractament a la Vellesa. Hem estat compartint i debatent el manifest que ens ha fet arribar Mireia Verges la Regidora de la Gent Gran.","og_url":"https:\/\/primitivabarba.com\/esp\/15-de-junio-dia-mundial-de-la-toma-de-conciencia-del-abuso-y-maltrato-en-la-vejez\/","og_site_name":"Primitiva Barba","article_publisher":"https:\/\/www.facebook.com\/profile.php?id=100089739648754","article_published_time":"2022-06-15T12:38:00+00:00","article_modified_time":"2022-12-14T10:35:15+00:00","og_image":[{"width":1000,"height":1336,"url":"https:\/\/primitivabarba.com\/wp-content\/uploads\/2022\/12\/manifiesto.jpg","type":"image\/jpeg"}],"author":"assisoft","twitter_card":"summary_large_image","twitter_misc":{"Escrito por":"assisoft","Tiempo de lectura":"1 minuto"},"schema":{"@context":"https:\/\/schema.org","@graph":[{"@type":"Article","@id":"https:\/\/primitivabarba.com\/15-de-junio-dia-mundial-de-la-toma-de-conciencia-del-abuso-y-maltrato-en-la-vejez\/#article","isPartOf":{"@id":"https:\/\/primitivabarba.com\/15-de-junio-dia-mundial-de-la-toma-de-conciencia-del-abuso-y-maltrato-en-la-vejez\/"},"author":{"name":"assisoft","@id":"https:\/\/primitivabarba.com\/#\/schema\/person\/22c84df87e501c58e1086052ac9913b6"},"headline":"15 de juny, Dia Mundial de la Presa de Consci\u00e8ncia de l&#8217;Ab\u00fas i Maltractament a la Vellesa","datePublished":"2022-06-15T12:38:00+00:00","dateModified":"2022-12-14T10:35:15+00:00","mainEntityOfPage":{"@id":"https:\/\/primitivabarba.com\/15-de-junio-dia-mundial-de-la-toma-de-conciencia-del-abuso-y-maltrato-en-la-vejez\/"},"wordCount":222,"publisher":{"@id":"https:\/\/primitivabarba.com\/#organization"},"image":{"@id":"https:\/\/primitivabarba.com\/15-de-junio-dia-mundial-de-la-toma-de-conciencia-del-abuso-y-maltrato-en-la-vejez\/#primaryimage"},"thumbnailUrl":"https:\/\/primitivabarba.com\/wp-content\/uploads\/2022\/12\/manifiesto.jpg","articleSection":["Uncategorized"],"inLanguage":"es"},{"@type":"WebPage","@id":"https:\/\/primitivabarba.com\/15-de-junio-dia-mundial-de-la-toma-de-conciencia-del-abuso-y-maltrato-en-la-vejez\/","url":"https:\/\/primitivabarba.com\/15-de-junio-dia-mundial-de-la-toma-de-conciencia-del-abuso-y-maltrato-en-la-vejez\/","name":"15 de junio, D\u00eda Mundial de la Toma de Conciencia del Abuso y Maltrato en la Vejez - Primitiva Barba","isPartOf":{"@id":"https:\/\/primitivabarba.com\/#website"},"primaryImageOfPage":{"@id":"https:\/\/primitivabarba.com\/15-de-junio-dia-mundial-de-la-toma-de-conciencia-del-abuso-y-maltrato-en-la-vejez\/#primaryimage"},"image":{"@id":"https:\/\/primitivabarba.com\/15-de-junio-dia-mundial-de-la-toma-de-conciencia-del-abuso-y-maltrato-en-la-vejez\/#primaryimage"},"thumbnailUrl":"https:\/\/primitivabarba.com\/wp-content\/uploads\/2022\/12\/manifiesto.jpg","datePublished":"2022-06-15T12:38:00+00:00","dateModified":"2022-12-14T10:35:15+00:00","breadcrumb":{"@id":"https:\/\/primitivabarba.com\/15-de-junio-dia-mundial-de-la-toma-de-conciencia-del-abuso-y-maltrato-en-la-vejez\/#breadcrumb"},"inLanguage":"es","potentialAction":[{"@type":"ReadAction","target":["https:\/\/primitivabarba.com\/15-de-junio-dia-mundial-de-la-toma-de-conciencia-del-abuso-y-maltrato-en-la-vejez\/"]}]},{"@type":"ImageObject","inLanguage":"es","@id":"https:\/\/primitivabarba.com\/15-de-junio-dia-mundial-de-la-toma-de-conciencia-del-abuso-y-maltrato-en-la-vejez\/#primaryimage","url":"https:\/\/primitivabarba.com\/wp-content\/uploads\/2022\/12\/manifiesto.jpg","contentUrl":"https:\/\/primitivabarba.com\/wp-content\/uploads\/2022\/12\/manifiesto.jpg","width":1000,"height":1336},{"@type":"BreadcrumbList","@id":"https:\/\/primitivabarba.com\/15-de-junio-dia-mundial-de-la-toma-de-conciencia-del-abuso-y-maltrato-en-la-vejez\/#breadcrumb","itemListElement":[{"@type":"ListItem","position":1,"name":"Inici","item":"https:\/\/primitivabarba.com\/"},{"@type":"ListItem","position":2,"name":"15 de juny, Dia Mundial de la Presa de Consci\u00e8ncia de l&#8217;Ab\u00fas i Maltractament a la Vellesa"}]},{"@type":"WebSite","@id":"https:\/\/primitivabarba.com\/#website","url":"https:\/\/primitivabarba.com\/","name":"Primitiva Barba","description":"Centro Residencial para personas mayores","publisher":{"@id":"https:\/\/primitivabarba.com\/#organization"},"inLanguage":"es"},{"@type":"Organization","@id":"https:\/\/primitivabarba.com\/#organization","name":"Primitiva Barba","url":"https:\/\/primitivabarba.com\/","logo":{"@type":"ImageObject","inLanguage":"es","@id":"https:\/\/primitivabarba.com\/#\/schema\/logo\/image\/","url":"https:\/\/primitivabarba.com\/wp-content\/uploads\/2024\/05\/image5.png","contentUrl":"https:\/\/primitivabarba.com\/wp-content\/uploads\/2024\/05\/image5.png","width":1168,"height":1168,"caption":"Primitiva Barba"},"image":{"@id":"https:\/\/primitivabarba.com\/#\/schema\/logo\/image\/"},"sameAs":["https:\/\/www.facebook.com\/profile.php?id=100089739648754","https:\/\/www.instagram.com\/primitivabarba\/"]},{"@type":"Person","@id":"https:\/\/primitivabarba.com\/#\/schema\/person\/22c84df87e501c58e1086052ac9913b6","name":"assisoft","image":{"@type":"ImageObject","inLanguage":"es","@id":"https:\/\/primitivabarba.com\/wp-content\/litespeed\/avatar\/0ee51eaac491861c051954dde15c2d6e.jpg?ver=1787930553","url":"https:\/\/primitivabarba.com\/wp-content\/litespeed\/avatar\/0ee51eaac491861c051954dde15c2d6e.jpg?ver=1787930553","contentUrl":"https:\/\/primitivabarba.com\/wp-content\/litespeed\/avatar\/0ee51eaac491861c051954dde15c2d6e.jpg?ver=1787930553","caption":"assisoft"},"sameAs":["https:\/\/primitivabarba.com"]}]}},"_links":{"self":[{"href":"https:\/\/primitivabarba.com\/esp\/wp-json\/wp\/v2\/posts\/5567","targetHints":{"allow":["GET"]}}],"collection":[{"href":"https:\/\/primitivabarba.com\/esp\/wp-json\/wp\/v2\/posts"}],"about":[{"href":"https:\/\/primitivabarba.com\/esp\/wp-json\/wp\/v2\/types\/post"}],"author":[{"embeddable":true,"href":"https:\/\/primitivabarba.com\/esp\/wp-json\/wp\/v2\/users\/1"}],"replies":[{"embeddable":true,"href":"https:\/\/primitivabarba.com\/esp\/wp-json\/wp\/v2\/comments?post=5567"}],"version-history":[{"count":7,"href":"https:\/\/primitivabarba.com\/esp\/wp-json\/wp\/v2\/posts\/5567\/revisions"}],"predecessor-version":[{"id":5580,"href":"https:\/\/primitivabarba.com\/esp\/wp-json\/wp\/v2\/posts\/5567\/revisions\/5580"}],"wp:featuredmedia":[{"embeddable":true,"href":"https:\/\/primitivabarba.com\/esp\/wp-json\/wp\/v2\/media\/5568"}],"wp:attachment":[{"href":"https:\/\/primitivabarba.com\/esp\/wp-json\/wp\/v2\/media?parent=5567"}],"wp:term":[{"taxonomy":"category","embeddable":true,"href":"https:\/\/primitivabarba.com\/esp\/wp-json\/wp\/v2\/categories?post=5567"},{"taxonomy":"post_tag","embeddable":true,"href":"https:\/\/primitivabarba.com\/esp\/wp-json\/wp\/v2\/tags?post=5567"}],"curies":[{"name":"wp","href":"https:\/\/api.w.org\/{rel}","templated":true}]}}